{"id":312163,"date":"2024-11-26T16:35:25","date_gmt":"2024-11-26T13:35:25","guid":{"rendered":"https:\/\/sana.sy\/tr\/?p=312163"},"modified":"2024-11-27T16:20:29","modified_gmt":"2024-11-27T13:20:29","slug":"cumhurbaskani-esad-1944te-olusturulan-bakanligin-yerine-egitim-ve-ogretim-bakanligini-kuran-bir-yasa-cikardi","status":"publish","type":"post","link":"https:\/\/archive.sana.sy\/tr\/?p=312163","title":{"rendered":"Cumhurba\u015fkan\u0131 Esad, 1944&#8217;te Olu\u015fturulan Bakanl\u0131\u011f\u0131n Yerine E\u011fitim Ve \u00d6\u011fretim Bakanl\u0131\u011f\u0131&#8217;n\u0131 Kuran Bir Yasa \u00c7\u0131kard\u0131"},"content":{"rendered":"<p style=\"text-align: justify;\"><strong><span style=\"color: #800000;\">\u015eAM (SANA)<\/span> <\/strong>&#8211; E\u011fitim Bakanl\u0131\u011f\u0131n\u0131n i\u015flevsel yap\u0131s\u0131n\u0131 yeniden d\u00fczenlemek, e\u011fitimin t\u00fcr, desen, ara\u00e7 ve kademelerinde meydana gelen geli\u015fme ve de\u011fi\u015fimlere ayak uyduracak \u015fekilde hedeflerini geli\u015ftirmek ve g\u00f6revlerini geni\u015fletmek amac\u0131yla Bug\u00fcn Cumhurba\u015fkan\u0131 Be\u015f\u015far Esad, 1944 tarihli (121) say\u0131l\u0131 Kanun ve de\u011fi\u015fiklikleri kapsam\u0131nda olu\u015fturulan bakanl\u0131\u011f\u0131n yerine t\u00fcm hak ve y\u00fck\u00fcml\u00fcl\u00fckleriyle birlikte \u201cE\u011fitim ve \u00d6\u011fretim Bakanl\u0131\u011f\u0131\u201dn\u0131 kuran (31 say\u0131l\u0131) Kanun&#8217;u \u00e7\u0131kard\u0131.<\/p>\n<p style=\"text-align: center;\"><strong><a href=\"https:\/\/t.me\/SuriyeArapHaberAjansI\">Telegram Kanal\u0131m\u0131z\u00a0<\/a><span style=\"color: #ff0000;\">||<\/span><a href=\"https:\/\/twitter.com\/arap_ajans\">X Platformumuz\u00a0<\/a><span style=\"color: #ff0000;\">||<\/span><a href=\"https:\/\/www.facebook.com\/SANAHaberAjansi\/\">Facebook Sayfam\u0131z<\/a><\/strong><\/p>\n","protected":false},"excerpt":{"rendered":"<p>\u015eAM (SANA) &#8211; E\u011fitim Bakanl\u0131\u011f\u0131n\u0131n i\u015flevsel yap\u0131s\u0131n\u0131 yeniden d\u00fczenlemek, e\u011fitimin t\u00fcr, desen, ara\u00e7 ve kademelerinde meydana gelen geli\u015fme ve de\u011fi\u015fimlere ayak uyduracak \u015fekilde hedeflerini geli\u015ftirmek ve g\u00f6revlerini geni\u015fletmek amac\u0131yla Bug\u00fcn Cumhurba\u015fkan\u0131 Be\u015f\u015far Esad, 1944 tarihli (121) say\u0131l\u0131 Kanun ve de\u011fi\u015fiklikleri kapsam\u0131nda olu\u015fturulan bakanl\u0131\u011f\u0131n yerine t\u00fcm hak ve y\u00fck\u00fcml\u00fcl\u00fckleriyle birlikte \u201cE\u011fitim ve \u00d6\u011fretim Bakanl\u0131\u011f\u0131\u201dn\u0131 kuran (31 &hellip;<\/p>\n","protected":false},"author":41,"featured_media":312164,"comment_status":"closed","ping_status":"closed","sticky":false,"template":"","format":"standard","meta":{"footnotes":""},"categories":[589,605,17988,612],"tags":[],"class_list":["post-312163","post","type-post","status-publish","format-standard","has-post-thumbnail","","category-haber-seridi","category-sayin-cumhurbaskani","category-son-haberler","category-yasama-kararnameler"],"_links":{"self":[{"href":"https:\/\/archive.sana.sy\/tr\/index.php?rest_route=\/wp\/v2\/posts\/312163","targetHints":{"allow":["GET"]}}],"collection":[{"href":"https:\/\/archive.sana.sy\/tr\/index.php?rest_route=\/wp\/v2\/posts"}],"about":[{"href":"https:\/\/archive.sana.sy\/tr\/index.php?rest_route=\/wp\/v2\/types\/post"}],"author":[{"embeddable":true,"href":"https:\/\/archive.sana.sy\/tr\/index.php?rest_route=\/wp\/v2\/users\/41"}],"replies":[{"embeddable":true,"href":"https:\/\/archive.sana.sy\/tr\/index.php?rest_route=%2Fwp%2Fv2%2Fcomments&post=312163"}],"version-history":[{"count":1,"href":"https:\/\/archive.sana.sy\/tr\/index.php?rest_route=\/wp\/v2\/posts\/312163\/revisions"}],"predecessor-version":[{"id":312165,"href":"https:\/\/archive.sana.sy\/tr\/index.php?rest_route=\/wp\/v2\/posts\/312163\/revisions\/312165"}],"wp:featuredmedia":[{"embeddable":true,"href":"https:\/\/archive.sana.sy\/tr\/index.php?rest_route=\/wp\/v2\/media\/312164"}],"wp:attachment":[{"href":"https:\/\/archive.sana.sy\/tr\/index.php?rest_route=%2Fwp%2Fv2%2Fmedia&parent=312163"}],"wp:term":[{"taxonomy":"category","embeddable":true,"href":"https:\/\/archive.sana.sy\/tr\/index.php?rest_route=%2Fwp%2Fv2%2Fcategories&post=312163"},{"taxonomy":"post_tag","embeddable":true,"href":"https:\/\/archive.sana.sy\/tr\/index.php?rest_route=%2Fwp%2Fv2%2Ftags&post=312163"}],"curies":[{"name":"wp","href":"https:\/\/api.w.org\/{rel}","templated":true}]}}