{"id":312174,"date":"2024-11-26T20:10:01","date_gmt":"2024-11-26T17:10:01","guid":{"rendered":"https:\/\/sana.sy\/tr\/?p=312174"},"modified":"2024-11-27T15:24:11","modified_gmt":"2024-11-27T12:24:11","slug":"israil-saldirganligi-homs-kirsalindaki-iki-bolgeyi-hedef-aldi","status":"publish","type":"post","link":"https:\/\/archive.sana.sy\/tr\/?p=312174","title":{"rendered":"\u0130srail Sald\u0131rganl\u0131\u011f\u0131 Homs K\u0131rsal\u0131ndaki \u0130ki B\u00f6lgeyi Hedef Ald\u0131"},"content":{"rendered":"<p style=\"text-align: justify;\"><strong><span style=\"color: #800000;\">HOMS (SANA)<\/span> &#8211; <\/strong>Homs k\u0131rsal\u0131ndaki iki b\u00f6lgeyi hedef alan \u0130srail sald\u0131rganl\u0131\u011f\u0131 nedeniyle maddi hasar meydana geldi.<\/p>\n<p style=\"text-align: justify;\">Askeri bir kaynak SANA&#8217;ya yapt\u0131\u011f\u0131 a\u00e7\u0131klamada, &#8220;\u0130srail d\u00fc\u015fman\u0131 bu ak\u015fam saat 19:10 s\u0131ralar\u0131nda kuzey L\u00fcbnan y\u00f6n\u00fcnden Homs k\u0131rsal\u0131ndaki iki b\u00f6lgeyi hedef alan bir hava sald\u0131r\u0131s\u0131 ba\u015flatt\u0131&#8221; dedi.<\/p>\n<p style=\"text-align: justify;\">Kaynak ayr\u0131ca, &#8221; Sald\u0131rganl\u0131\u011f\u0131n \u201cmaddi kay\u0131plara\u201d yol a\u00e7t\u0131\u011f\u0131n\u0131 kaydetti.<\/p>\n<p style=\"text-align: center;\"><strong><a href=\"https:\/\/t.me\/SuriyeArapHaberAjansI\">Telegram Kanal\u0131m\u0131z\u00a0<\/a><span style=\"color: #ff0000;\">||<\/span><a href=\"https:\/\/twitter.com\/arap_ajans\">X Platformumuz\u00a0<\/a><span style=\"color: #ff0000;\">||<\/span><a href=\"https:\/\/www.facebook.com\/SANAHaberAjansi\/\">Facebook Sayfam\u0131z<\/a><\/strong><\/p>\n","protected":false},"excerpt":{"rendered":"<p>HOMS (SANA) &#8211; Homs k\u0131rsal\u0131ndaki iki b\u00f6lgeyi hedef alan \u0130srail sald\u0131rganl\u0131\u011f\u0131 nedeniyle maddi hasar meydana geldi. Askeri bir kaynak SANA&#8217;ya yapt\u0131\u011f\u0131 a\u00e7\u0131klamada, &#8220;\u0130srail d\u00fc\u015fman\u0131 bu ak\u015fam saat 19:10 s\u0131ralar\u0131nda kuzey L\u00fcbnan y\u00f6n\u00fcnden Homs k\u0131rsal\u0131ndaki iki b\u00f6lgeyi hedef alan bir hava sald\u0131r\u0131s\u0131 ba\u015flatt\u0131&#8221; dedi. Kaynak ayr\u0131ca, &#8221; Sald\u0131rganl\u0131\u011f\u0131n \u201cmaddi kay\u0131plara\u201d yol a\u00e7t\u0131\u011f\u0131n\u0131 kaydetti. Telegram Kanal\u0131m\u0131z\u00a0||X Platformumuz\u00a0||Facebook &hellip;<\/p>\n","protected":false},"author":36,"featured_media":312175,"comment_status":"closed","ping_status":"closed","sticky":false,"template":"","format":"standard","meta":{"footnotes":""},"categories":[589,479,575,17988,478],"tags":[42947],"class_list":["post-312174","post","type-post","status-publish","format-standard","has-post-thumbnail","","category-haber-seridi","category-haberler-yerel","category-olaylar-ve-gercekler","category-son-haberler","category-yerel","tag-israil-saldirganligi-homs-kirsalindaki-iki-bolgeyi-hedef-aldi"],"_links":{"self":[{"href":"https:\/\/archive.sana.sy\/tr\/index.php?rest_route=\/wp\/v2\/posts\/312174","targetHints":{"allow":["GET"]}}],"collection":[{"href":"https:\/\/archive.sana.sy\/tr\/index.php?rest_route=\/wp\/v2\/posts"}],"about":[{"href":"https:\/\/archive.sana.sy\/tr\/index.php?rest_route=\/wp\/v2\/types\/post"}],"author":[{"embeddable":true,"href":"https:\/\/archive.sana.sy\/tr\/index.php?rest_route=\/wp\/v2\/users\/36"}],"replies":[{"embeddable":true,"href":"https:\/\/archive.sana.sy\/tr\/index.php?rest_route=%2Fwp%2Fv2%2Fcomments&post=312174"}],"version-history":[{"count":2,"href":"https:\/\/archive.sana.sy\/tr\/index.php?rest_route=\/wp\/v2\/posts\/312174\/revisions"}],"predecessor-version":[{"id":312210,"href":"https:\/\/archive.sana.sy\/tr\/index.php?rest_route=\/wp\/v2\/posts\/312174\/revisions\/312210"}],"wp:featuredmedia":[{"embeddable":true,"href":"https:\/\/archive.sana.sy\/tr\/index.php?rest_route=\/wp\/v2\/media\/312175"}],"wp:attachment":[{"href":"https:\/\/archive.sana.sy\/tr\/index.php?rest_route=%2Fwp%2Fv2%2Fmedia&parent=312174"}],"wp:term":[{"taxonomy":"category","embeddable":true,"href":"https:\/\/archive.sana.sy\/tr\/index.php?rest_route=%2Fwp%2Fv2%2Fcategories&post=312174"},{"taxonomy":"post_tag","embeddable":true,"href":"https:\/\/archive.sana.sy\/tr\/index.php?rest_route=%2Fwp%2Fv2%2Ftags&post=312174"}],"curies":[{"name":"wp","href":"https:\/\/api.w.org\/{rel}","templated":true}]}}