{"id":312193,"date":"2024-11-27T13:51:10","date_gmt":"2024-11-27T10:51:10","guid":{"rendered":"https:\/\/sana.sy\/tr\/?p=312193"},"modified":"2024-11-27T15:17:02","modified_gmt":"2024-11-27T12:17:02","slug":"rusya-koordinasyon-merkezi-lazkiyedeki-ulusal-hastaneye-tibbi-yardim-sagladi","status":"publish","type":"post","link":"https:\/\/archive.sana.sy\/tr\/?p=312193","title":{"rendered":"Rusya Koordinasyon Merkezi Lazkiye&#8217;deki Ulusal Hastaneye T\u0131bbi Yard\u0131m Sa\u011flad\u0131"},"content":{"rendered":"<p style=\"text-align: justify;\"><strong><span style=\"color: #800000;\">LAZK\u0130YE (SANA)<\/span> &#8211; <\/strong>Hmeymim\u2019deki Rus koordinasyon merkezi, Lazkiye&#8217;deki Ulusal Hastaneye t\u0131bbi yard\u0131m da\u011f\u0131tt\u0131.<\/p>\n<p style=\"text-align: justify;\">SANA muhabiri, Hmeymim\u2019deki koordinasyon merkezinden Rus askerlerinin, Lazkiye kentindeki Ulusal Hastaneyi ziyaret ederek, hastaneye t\u0131bbi hizmetlerin sa\u011flanmas\u0131na yard\u0131mc\u0131 olmak \u00fczere bin kilogram ila\u00e7 ve \u00e7ok say\u0131da tekerlekli sandalye yard\u0131m\u0131nda bulundu\u011funu belirtti.<\/p>\n<p style=\"text-align: justify;\">Ge\u00e7ti\u011fimiz eyl\u00fcl ay\u0131nda Lazkiye Sa\u011fl\u0131k M\u00fcd\u00fcrl\u00fc\u011f\u00fc&#8217;ne Rusya Federasyonu&#8217;nun sa\u011flad\u0131\u011f\u0131 7,5 ton yard\u0131m, t\u0131bbi malzeme ve ila\u00e7 teslim al\u0131nd\u0131.<\/p>\n<p style=\"text-align: center;\"><strong><a href=\"https:\/\/t.me\/SuriyeArapHaberAjansI\">Telegram Kanal\u0131m\u0131z\u00a0<\/a><span style=\"color: #ff0000;\">||<\/span><a href=\"https:\/\/twitter.com\/arap_ajans\">X Platformumuz\u00a0<\/a><span style=\"color: #ff0000;\">||<\/span><a href=\"https:\/\/www.facebook.com\/SANAHaberAjansi\/\">Facebook Sayfam\u0131z<\/a><\/strong><\/p>\n<div id='gallery-1' class='gallery galleryid-312193 gallery-columns-2 gallery-size-full'><figure class='gallery-item'>\n\t\t\t<div class='gallery-icon landscape'>\n\t\t\t\t<a href='https:\/\/archive.sana.sy\/tr\/wp-content\/uploads\/2024\/11\/2-45.jpg'><img loading=\"lazy\" decoding=\"async\" width=\"660\" height=\"449\" src=\"https:\/\/archive.sana.sy\/tr\/wp-content\/uploads\/2024\/11\/2-45.jpg\" class=\"attachment-full size-full\" alt=\"\" srcset=\"https:\/\/archive.sana.sy\/tr\/wp-content\/uploads\/2024\/11\/2-45.jpg 660w, https:\/\/archive.sana.sy\/tr\/wp-content\/uploads\/2024\/11\/2-45-300x204.jpg 300w, https:\/\/archive.sana.sy\/tr\/wp-content\/uploads\/2024\/11\/2-45-110x75.jpg 110w\" sizes=\"auto, (max-width: 660px) 100vw, 660px\" \/><\/a>\n\t\t\t<\/div><\/figure><figure class='gallery-item'>\n\t\t\t<div class='gallery-icon landscape'>\n\t\t\t\t<a href='https:\/\/archive.sana.sy\/tr\/wp-content\/uploads\/2024\/11\/6-27.jpg'><img loading=\"lazy\" decoding=\"async\" width=\"660\" height=\"441\" src=\"https:\/\/archive.sana.sy\/tr\/wp-content\/uploads\/2024\/11\/6-27.jpg\" class=\"attachment-full size-full\" alt=\"\" srcset=\"https:\/\/archive.sana.sy\/tr\/wp-content\/uploads\/2024\/11\/6-27.jpg 660w, https:\/\/archive.sana.sy\/tr\/wp-content\/uploads\/2024\/11\/6-27-300x200.jpg 300w, https:\/\/archive.sana.sy\/tr\/wp-content\/uploads\/2024\/11\/6-27-110x75.jpg 110w\" sizes=\"auto, (max-width: 660px) 100vw, 660px\" \/><\/a>\n\t\t\t<\/div><\/figure>\n\t\t<\/div>\n\n","protected":false},"excerpt":{"rendered":"<p>LAZK\u0130YE (SANA) &#8211; Hmeymim\u2019deki Rus koordinasyon merkezi, Lazkiye&#8217;deki Ulusal Hastaneye t\u0131bbi yard\u0131m da\u011f\u0131tt\u0131. SANA muhabiri, Hmeymim\u2019deki koordinasyon merkezinden Rus askerlerinin, Lazkiye kentindeki Ulusal Hastaneyi ziyaret ederek, hastaneye t\u0131bbi hizmetlerin sa\u011flanmas\u0131na yard\u0131mc\u0131 olmak \u00fczere bin kilogram ila\u00e7 ve \u00e7ok say\u0131da tekerlekli sandalye yard\u0131m\u0131nda bulundu\u011funu belirtti. Ge\u00e7ti\u011fimiz eyl\u00fcl ay\u0131nda Lazkiye Sa\u011fl\u0131k M\u00fcd\u00fcrl\u00fc\u011f\u00fc&#8217;ne Rusya Federasyonu&#8217;nun sa\u011flad\u0131\u011f\u0131 7,5 ton &hellip;<\/p>\n","protected":false},"author":36,"featured_media":312194,"comment_status":"closed","ping_status":"closed","sticky":false,"template":"","format":"standard","meta":{"footnotes":""},"categories":[596,589,479,17988,478],"tags":[42945],"class_list":["post-312193","post","type-post","status-publish","format-standard","has-post-thumbnail","","category-fotografli-raporlar","category-haber-seridi","category-haberler-yerel","category-son-haberler","category-yerel","tag-rusya-koordinasyon-merkezi-lazkiyedeki-ulusal-hastaneye-tibbi-yardim-sagladi"],"_links":{"self":[{"href":"https:\/\/archive.sana.sy\/tr\/index.php?rest_route=\/wp\/v2\/posts\/312193","targetHints":{"allow":["GET"]}}],"collection":[{"href":"https:\/\/archive.sana.sy\/tr\/index.php?rest_route=\/wp\/v2\/posts"}],"about":[{"href":"https:\/\/archive.sana.sy\/tr\/index.php?rest_route=\/wp\/v2\/types\/post"}],"author":[{"embeddable":true,"href":"https:\/\/archive.sana.sy\/tr\/index.php?rest_route=\/wp\/v2\/users\/36"}],"replies":[{"embeddable":true,"href":"https:\/\/archive.sana.sy\/tr\/index.php?rest_route=%2Fwp%2Fv2%2Fcomments&post=312193"}],"version-history":[{"count":1,"href":"https:\/\/archive.sana.sy\/tr\/index.php?rest_route=\/wp\/v2\/posts\/312193\/revisions"}],"predecessor-version":[{"id":312197,"href":"https:\/\/archive.sana.sy\/tr\/index.php?rest_route=\/wp\/v2\/posts\/312193\/revisions\/312197"}],"wp:featuredmedia":[{"embeddable":true,"href":"https:\/\/archive.sana.sy\/tr\/index.php?rest_route=\/wp\/v2\/media\/312194"}],"wp:attachment":[{"href":"https:\/\/archive.sana.sy\/tr\/index.php?rest_route=%2Fwp%2Fv2%2Fmedia&parent=312193"}],"wp:term":[{"taxonomy":"category","embeddable":true,"href":"https:\/\/archive.sana.sy\/tr\/index.php?rest_route=%2Fwp%2Fv2%2Fcategories&post=312193"},{"taxonomy":"post_tag","embeddable":true,"href":"https:\/\/archive.sana.sy\/tr\/index.php?rest_route=%2Fwp%2Fv2%2Ftags&post=312193"}],"curies":[{"name":"wp","href":"https:\/\/api.w.org\/{rel}","templated":true}]}}