{"id":31220,"date":"2015-04-28T20:45:12","date_gmt":"2015-04-28T17:45:12","guid":{"rendered":"http:\/\/www.sana.sy\/tr\/?p=31220"},"modified":"2015-04-29T17:39:11","modified_gmt":"2015-04-29T14:39:11","slug":"cokuluslu-radikallere-karsi-operasyonlarda-arac-ve-cephaneleri-imha-ediliyor","status":"publish","type":"post","link":"https:\/\/archive.sana.sy\/tr\/?p=31220","title":{"rendered":"\u00c7okuluslu Radikallere Kar\u015f\u0131 Operasyonlarda Ara\u00e7 ve Cephaneleri \u0130mha Ediliyor"},"content":{"rendered":"<p>\u0130LLER \u2013 Vatan koruyucular\u0131 ordu birliklerimiz b\u00f6lge ve Bat\u0131l\u0131 devletlerin en geli\u015fmi\u015f silahlarla donat\u0131p Suriye&#8217;ye \u2018\u0131l\u0131ml\u0131 muhalifler\u2019 olarak seferber ettikleri radikal ter\u00f6ristlere kar\u015f\u0131 operasyonlar\u0131n\u0131 s\u00fcrd\u00fcr\u00fcrken bug\u00fcn kulland\u0131klar\u0131 onlarca arac\u0131 imha etti.<\/p>\n<p><span style=\"color: #0000ff\">\u015eam K\u0131rsal\u0131nda Radikal ve Ter\u00f6r \u00d6rg\u00fctlerinden Onlarca Ter\u00f6rist \u00d6ld\u00fcr\u00fcld\u00fc <\/span><\/p>\n<p>Ordu birliklerimiz \u015eam k\u0131rsal\u0131 Do\u011fu \u011euta, Do\u011fu Kalemun ve Zebedani b\u00f6lgelerinde Vahabi \u00c2l Suud rejimine ba\u011fl\u0131 Nusra Cephesi, \u2018\u0130slam Ordusu\u2019 ve \u2018Ahrar el \u015eam \u0130slami Hareketi\u2019 \u00e7etelerinden \u00e7ok say\u0131da ter\u00f6risti \u00f6l\u00fc ve yaral\u0131 d\u00fc\u015f\u00fcrd\u00fc.<\/p>\n<p>SANA muhabiri; ordu birliklerimizin Zemelke Beldesinde Nusra Cephesi ve \u2018\u0130slam Ordusu\u2019 \u00e7etelerinin yuva ve karargahlar\u0131n\u0131 hedef alarak aralar\u0131nda M\u0131s\u0131rl\u0131 Sait Ebu el Tayyeb\u2019in bulundu\u011fu \u00e7ok say\u0131da ter\u00f6risti \u00f6l\u00fc ve yaral\u0131 d\u00fc\u015f\u00fcrd\u00fcklerini ifade etti.<\/p>\n<p>Muhabir; Duma Kasabas\u0131, Heresta ve Erbin b\u00f6lgelerinde \u2018\u0130slam Ordusu\u2019na ait 3 arac\u0131 imha eden ordu birliklerimizin y\u00fcksek say\u0131da ter\u00f6risti \u00f6l\u00fc ve yaral\u0131 d\u00fc\u015f\u00fcr\u00fcp silah ve m\u00fchimmatlar\u0131n\u0131 da imha ettiklerini belirtti.<\/p>\n<p>Bu arada ordu birliklerimiz Do\u011fu \u011euta\u2019n\u0131n g\u00fcneyi Zebdin \u00e7iftliklerinde ise radikal \u00f6rg\u00fctlere ait bir arac\u0131 ta\u015f\u0131d\u0131\u011f\u0131 ter\u00f6rist ve cephaneleriyle birlikte imha etti.<\/p>\n<p>Do\u011fu Kalemun\u2019un da\u011fl\u0131k arazilerine ilaveten Ne\u015f\u015fabiye B\u00f6lgesindeki Hteytet el Cara\u015f ve Buhariye \u00e7iftliklerinde ter\u00f6ristlerin toplanma yerleri ve mevkilerini hedef alan ordu briliklerimiz onlarca ter\u00f6rist \u00f6l\u00fc ve yaral\u0131 d\u00fc\u015f\u00fcrd\u00fc.<\/p>\n<p>Ordu birliklerimiz \u015eam k\u0131rsal\u0131 Zebadani ve el Hezreciye \u2013 Sasa yolu \u00fczerinde ise \u2018Ahrar el \u015eam \u0130slami Hareketi\u2019nin siper ve karargahlar\u0131n\u0131 imha edip iki arac\u0131 muhtevalar\u0131yla birlikte imha etti.<\/p>\n<p><span style=\"color: #0000ff\">\u0130dlib ve K\u0131rsal\u0131nda A\u011f\u0131r Kay\u0131plar\u0131 Panik ve Karga\u015faya D\u00fc\u015f\u00fcrd\u00fc<\/span><\/p>\n<p>Saha kaynaklar\u0131 \u0130dlib ve k\u0131rsal\u0131nda T\u00fcrkiye rejiminin deste\u011fine ra\u011fmen say\u0131 ve ara\u00e7lar\u0131yla maruz kald\u0131klar\u0131 a\u011f\u0131r kay\u0131plar nedeniyle ter\u00f6r \u00e7etelerinin ciddi bir panik ve karga\u015faya d\u00fc\u015ft\u00fcklerini aktard\u0131.<\/p>\n<p>T\u00fcrkiye s\u0131n\u0131rlar\u0131na yak\u0131n Sermin Beldesi civar\u0131nda ise hava g\u00fc\u00e7lerimiz ter\u00f6rist ve cephane ta\u015f\u0131yan bir\u00e7ok arac\u0131 imha etti.<\/p>\n<p>\u0130dlib iline tabi Cisre\u015f\u015fu\u011fur\u2019un do\u011fusu S\u00fckkeriye Beldesi civar\u0131nda ara\u00e7 ve g\u00fc\u00e7leriyle taktiksel bir manevra ger\u00e7ekle\u015ftiren ordu birliklerimiz \u2018Fetih Ordusu\u2019 ad\u0131yla bilinen radikal ve hain ter\u00f6ristlere ait ara\u00e7 toplulu\u011funu ta\u015f\u0131d\u0131\u011f\u0131 ter\u00f6rist ve cephaneyle birlikte tamamen imha etti.<\/p>\n<p>Ordu birliklerimiz hava g\u00fc\u00e7lerimizin deste\u011fi ile \u0130dlib k\u0131rsal\u0131nda T\u00fcrkiye s\u0131n\u0131rlar\u0131ndan ter\u00f6rist ve cephane ta\u015f\u0131yan \u00e7ok say\u0131da arac\u0131 imha ederek, olduk\u00e7a y\u00fcksek say\u0131da ter\u00f6risti \u00f6l\u00fc yaral\u0131 d\u00fc\u015f\u00fcrd\u00fc.<\/p>\n<p><span style=\"color: #0000ff\">Halep ve K\u0131rsal\u0131nda Ter\u00f6ristleri B\u00fcy\u00fck Kay\u0131plara U\u011frat\u0131ld\u0131 <\/span><\/p>\n<p>Halep k\u0131rsal\u0131n\u0131n bat\u0131s\u0131nda ter\u00f6ristlerin T\u00fcrkiye\u2019den ana giri\u015f ve ikmal kap\u0131s\u0131 say\u0131lan Babelhava (Cilveg\u00f6z\u00fc) ekseninde el Etarib Beldesinde \u0130hvanc\u0131 Erdo\u011fan rejimine ba\u011fl\u0131 Nusra Cephesi ve di\u011fer \u00f6rg\u00fctlerden \u00e7ok say\u0131da ter\u00f6risti \u00f6l\u00fc ve yaral\u0131 d\u00fc\u015f\u00fcren ordu birliklerimiz silah ve m\u00fchimmatlar\u0131n\u0131 da imha etti.<\/p>\n<p>Di\u011fer yandan ordu birliklerimiz Halep k\u0131rsal\u0131n\u0131n kuzey ve kuzeybat\u0131s\u0131 Kefar Hamra Beldesi, \u015eakif B\u00f6lgesi ve Han el Asel\u2019de ter\u00f6r \u00f6rg\u00fctleri say\u0131 ve te\u00e7hizatlar\u0131yla a\u011f\u0131r kay\u0131plara u\u011fratt\u0131. Operasyonlarda \u00e7ok say\u0131da ter\u00f6rist \u00f6l\u00fc ve yaral\u0131 d\u00fc\u015f\u00fcr\u00fcl\u00fcp silah ve m\u00fchimmatlar\u0131 imha edildi.<\/p>\n<p>Halep Kentinin Kastello, Leyramun, Beni Zeyd, \u00c2\u011f\u0131yor, \u015eear, Bab el Hadid, Halep Kalesinin \u00e7evresi ve Bostan el Kasr b\u00f6lgelerinde ter\u00f6ristlere kar\u015f\u0131 askeri operasyonlar\u0131n\u0131 s\u00fcrd\u00fcrd\u00fc.<\/p>\n<p><span style=\"color: #0000ff\">Dera ve K\u0131rsal\u0131nda Nusra Cephesinin Toplanma Yerleri Hedef Al\u0131nd\u0131<\/span><\/p>\n<p>Ordu birliklerimizin Dera k\u0131rsal\u0131n\u0131n kuzeyi el Kessara K\u00f6y\u00fcnde Nusra Cephesine kar\u015f\u0131 nitelikli operasyonlar\u0131n\u0131 s\u00fcrd\u00fcrd\u00fcklerini aktaran kaynak; \u00e7ok say\u0131da ter\u00f6risti \u00f6l\u00fc ve yaral\u0131 d\u00fc\u015f\u00fcr\u00fcp havzalar\u0131nda bulunan silah ve m\u00fchimmatlar\u0131n\u0131 da imha ettiklerini ekledi.<\/p>\n<p>Kaynak; Dera Beled\u2019in Nazihin Kamp\u0131 ve Eski G\u00fcmr\u00fck b\u00f6lgelerinde Nusra Cephesi ve \u2018Musanna \u0130slami Hareketi\u2019 \u00e7etelerinin toplanma yerleri ve mevkilerini hedef ald\u0131klar\u0131n\u0131 belirtti. Kaynak; operasyonlarda \u00e7ok say\u0131da ter\u00f6ristin \u00f6l\u00fc ve yaral\u0131 d\u00fc\u015f\u00fcr\u00fcl\u00fcp ara\u00e7, cephane ve silahlar\u0131n\u0131n imha edildi\u011fine dikkat \u00e7ekti.<\/p>\n<p><span style=\"color: #0000ff\">Kunaytra K\u0131rsal\u0131nda \u00c7ok Say\u0131da Ter\u00f6rist \u00d6l\u00fc ve Yaral\u0131 D\u00fc\u015f\u00fcr\u00fcld\u00fc <\/span><\/p>\n<p>Askeri kaynak; ordu birliklerimizin Kunaytra k\u0131rsal\u0131 Hamidiye ve Kahtaniye k\u00f6ylerinde ter\u00f6ristlerin yuva ve k\u00fcmelenme yerlerini hedef almalar\u0131yla \u00e7ok say\u0131da ter\u00f6risti \u00f6l\u00fc ve yaral\u0131 d\u00fc\u015f\u00fcr\u00fcp cephane, silah ve ara\u00e7lar\u0131n\u0131 da imha ettiklerini ifade etti.<\/p>\n<p><span style=\"color: #0000ff\">Hama K\u0131rsal\u0131nda Onlarca Ara\u00e7lar\u0131 \u0130mha Edildi<\/span><\/p>\n<p>Hama k\u0131rsal\u0131n\u0131n muhtelif b\u00f6lgelerinde \u00e7okuluslu tekfirci ter\u00f6r \u00e7etelere y\u00f6nelik operasyonlar\u0131n\u0131 s\u00fcrd\u00fcren ordu birliklerimiz Huveyca, Bab el Taka, Hurbatelnakus ve Kefarzeyta b\u00f6lgelerinde onlarca ara\u00e7lar\u0131n\u0131 y\u00fckleriyle birlikte imha etti.<\/p>\n<p>Operasyonlarda olduk\u00e7a y\u00fcksek say\u0131da ter\u00f6ristin \u00f6ld\u00fcr\u00fcld\u00fc\u011f\u00fc bildirilirken, aralar\u0131nda yabanc\u0131 ve saha komutanlar\u0131n\u0131n bulundu\u011funa dikkat \u00e7ekildi.<\/p>\n<p>Hava g\u00fc\u00e7lerimiz Hama k\u0131rsal\u0131 Temania, Ayn Laruz, Tancara, Hamidiye, Kaston ve Hva\u015f b\u00f6lgelerine ilaveten Kleydin \u2013 \u00dcnkavi ekseninde ter\u00f6r \u00e7etelere ait bir\u00e7ok ara\u00e7 konvoyunu hedef alarak onlarca ter\u00f6risti \u00f6l\u00fc ve yaral\u0131 d\u00fc\u015f\u00fcrd\u00fc.<\/p>\n<p><span style=\"color: #0000ff\">S\u00fcveyda K\u0131rsal\u0131nda Pusuya D\u00fc\u015f\u00fcr\u00fcld\u00fcler<\/span><\/p>\n<p>S\u00fcveyda k\u0131rsal\u0131nda Brak Beldesinin yakla\u015f\u0131k 2 km kuzeydo\u011fusundaki el \u015eami \u00c7iftli\u011finde bir ter\u00f6r grubunu s\u0131k\u0131 bir pusuya d\u00fc\u015f\u00fcren ordu birliklerimiz; grup \u00fcyelerinin b\u00fcy\u00fck \u00e7o\u011funlu\u011funu \u00f6l\u00fc, sa\u011f kalanlar\u0131 da hafif ve a\u011f\u0131r silahlar\u0131yla birlikte canl\u0131 olarak ele ge\u00e7irdi.<\/p>\n<p><span style=\"color: #0000ff\">Homs K\u0131rsal\u0131nda I\u015e\u0130D Mevkilerine Y\u00f6nelik Operasyonlar S\u00fcr\u00fcyor<\/span><\/p>\n<p>Bu arada hava g\u00fc\u00e7lerimiz Homs k\u0131rsal\u0131n\u0131n do\u011fusu \u015eair ve Cezl petrol kuyular\u0131 \u00e7evresine ilaveten Bat\u0131 Habra b\u00f6lgelerinde I\u015e\u0130D ter\u00f6r \u00f6rg\u00fct\u00fcn\u00fcn toplanma yerleri ve ara\u00e7lar\u0131n\u0131 imha etti. Operasyonlarda I\u015e\u0130D\u2019li onlarca ter\u00f6ristin \u00f6ld\u00fcr\u00fcld\u00fc\u011f\u00fc bildirildi.<\/p>\n<p>Askeri kaynak; ordu birliklerimizin Homs k\u0131rsal\u0131n\u0131n do\u011fusu Rhum K\u00f6y\u00fcne ka\u00e7an I\u015e\u0130D\u2019lilere kar\u015f\u0131 operasyonlar\u0131n\u0131 s\u00fcrd\u00fcrmelerine e\u015f zamanl\u0131 olarak Rhum ve Um Sahric k\u00f6yleri aras\u0131na ilaveten el Midrace K\u00f6y\u00fcnde y\u00fcksek say\u0131da ter\u00f6risti \u00f6l\u00fc ve yaral\u0131 d\u00fc\u015f\u00fcrd\u00fcklerini s\u00f6yledi.<\/p>\n<p>\u00d6te yandan ordu birliklerimiz Homs k\u0131rsal\u0131n\u0131n kuzeyi Resten Kasabas\u0131nda Nusra Cephesi, \u2018Homs Kolordusu\u2019 ve \u2018 Faruk Taburlar\u0131\u2019 adl\u0131 \u00e7eteleri a\u011f\u0131r kay\u0131plara u\u011fratt\u0131.<\/p>\n<p>M.M. &#8211;\u00a0A.A.<\/p>\n","protected":false},"excerpt":{"rendered":"<p>\u0130LLER \u2013 Vatan koruyucular\u0131 ordu birliklerimiz b\u00f6lge ve Bat\u0131l\u0131 devletlerin en geli\u015fmi\u015f silahlarla donat\u0131p Suriye&#8217;ye \u2018\u0131l\u0131ml\u0131 muhalifler\u2019 olarak seferber ettikleri radikal ter\u00f6ristlere kar\u015f\u0131 operasyonlar\u0131n\u0131 s\u00fcrd\u00fcr\u00fcrken bug\u00fcn kulland\u0131klar\u0131 onlarca arac\u0131 imha etti. \u015eam K\u0131rsal\u0131nda Radikal ve Ter\u00f6r \u00d6rg\u00fctlerinden Onlarca Ter\u00f6rist \u00d6ld\u00fcr\u00fcld\u00fc Ordu birliklerimiz \u015eam k\u0131rsal\u0131 Do\u011fu \u011euta, Do\u011fu Kalemun ve Zebedani b\u00f6lgelerinde Vahabi \u00c2l Suud rejimine &hellip;<\/p>\n","protected":false},"author":1,"featured_media":31221,"comment_status":"closed","ping_status":"closed","sticky":false,"template":"","format":"standard","meta":{"footnotes":""},"categories":[575],"tags":[14142],"class_list":["post-31220","post","type-post","status-publish","format-standard","has-post-thumbnail","","category-olaylar-ve-gercekler","tag-cokuluslu-radikallere-karsi-operasyonlarda-arac-ve-cephaneleri-imha-ediliyor"],"_links":{"self":[{"href":"https:\/\/archive.sana.sy\/tr\/index.php?rest_route=\/wp\/v2\/posts\/31220","targetHints":{"allow":["GET"]}}],"collection":[{"href":"https:\/\/archive.sana.sy\/tr\/index.php?rest_route=\/wp\/v2\/posts"}],"about":[{"href":"https:\/\/archive.sana.sy\/tr\/index.php?rest_route=\/wp\/v2\/types\/post"}],"author":[{"embeddable":true,"href":"https:\/\/archive.sana.sy\/tr\/index.php?rest_route=\/wp\/v2\/users\/1"}],"replies":[{"embeddable":true,"href":"https:\/\/archive.sana.sy\/tr\/index.php?rest_route=%2Fwp%2Fv2%2Fcomments&post=31220"}],"version-history":[{"count":0,"href":"https:\/\/archive.sana.sy\/tr\/index.php?rest_route=\/wp\/v2\/posts\/31220\/revisions"}],"wp:featuredmedia":[{"embeddable":true,"href":"https:\/\/archive.sana.sy\/tr\/index.php?rest_route=\/wp\/v2\/media\/31221"}],"wp:attachment":[{"href":"https:\/\/archive.sana.sy\/tr\/index.php?rest_route=%2Fwp%2Fv2%2Fmedia&parent=31220"}],"wp:term":[{"taxonomy":"category","embeddable":true,"href":"https:\/\/archive.sana.sy\/tr\/index.php?rest_route=%2Fwp%2Fv2%2Fcategories&post=31220"},{"taxonomy":"post_tag","embeddable":true,"href":"https:\/\/archive.sana.sy\/tr\/index.php?rest_route=%2Fwp%2Fv2%2Ftags&post=31220"}],"curies":[{"name":"wp","href":"https:\/\/api.w.org\/{rel}","templated":true}]}}