{"id":312200,"date":"2024-11-27T13:57:49","date_gmt":"2024-11-27T10:57:49","guid":{"rendered":"https:\/\/sana.sy\/tr\/?p=312200"},"modified":"2024-11-27T15:35:06","modified_gmt":"2024-11-27T12:35:06","slug":"cdeydet-yabus-gecis-noktasi-ile-lubnan-siniri-arasindaki-uluslararasi-karayolunda-rehabilitasyon-calismalari-basladi","status":"publish","type":"post","link":"https:\/\/archive.sana.sy\/tr\/?p=312200","title":{"rendered":"Cdeydet Yabus Ge\u00e7i\u015f Noktas\u0131 \u0130le L\u00fcbnan S\u0131n\u0131r\u0131 Aras\u0131ndaki Uluslararas\u0131 Karayolunda Rehabilitasyon \u00c7al\u0131\u015fmalar\u0131 Ba\u015flad\u0131"},"content":{"rendered":"<p style=\"text-align: justify;\"><strong><span style=\"color: #800000;\">\u015eAM KIRSALI (SANA)<\/span> &#8211; <\/strong>\u015eam K\u0131rsal Valili\u011fi&#8217;ndeki Teknik Hizmetler M\u00fcd\u00fcrl\u00fc\u011f\u00fc mekanizmalar\u0131 bu sabah, Cdeydet Yabus ge\u00e7i\u015f noktas\u0131n\u0131 L\u00fcbnan s\u0131n\u0131r\u0131na ba\u011flayan uluslararas\u0131 yolun rehabilitasyonu ve \u0130srail&#8217;in sald\u0131rganl\u0131\u011f\u0131 nedeniyle olu\u015fan \u00e7ukurlar\u0131n doldurulmas\u0131 \u00e7al\u0131\u015fmalar\u0131na ba\u015flad\u0131.<\/p>\n<p style=\"text-align: justify;\"><img loading=\"lazy\" decoding=\"async\" class=\"size-medium wp-image-312202 alignright\" src=\"http:\/\/sana.sy\/tr\/wp-content\/uploads\/2024\/11\/5-4-300x209.jpg\" alt=\"\" width=\"300\" height=\"209\" srcset=\"https:\/\/archive.sana.sy\/tr\/wp-content\/uploads\/2024\/11\/5-4-300x209.jpg 300w, https:\/\/archive.sana.sy\/tr\/wp-content\/uploads\/2024\/11\/5-4.jpg 660w\" sizes=\"auto, (max-width: 300px) 100vw, 300px\" \/>\u015eam k\u0131rsal\u0131n\u0131n Valisi Ahmed Halil, \u00e7al\u0131\u015fmalar\u0131 takip etti\u011fi s\u0131rada yapt\u0131\u011f\u0131 bas\u0131n a\u00e7\u0131klamas\u0131nda, Suriye-L\u00fcbnan s\u0131n\u0131r\u0131ndaki Cdeydet Yabus kap\u0131s\u0131 ile El Masnaa&#8217;y\u0131 birbirine ba\u011flayan yolun acil restorasyon ve rehabilitasyonuna ba\u015fland\u0131\u011f\u0131n\u0131 belirtirken, yol bir an \u00f6nce yeniden a\u00e7\u0131l\u0131ncaya kadar \u00e7al\u0131\u015fmalar\u0131n 24 saat devam edece\u011fini vurgulad\u0131.<\/p>\n<p style=\"text-align: justify;\">L\u00fcbnan Bay\u0131nd\u0131rl\u0131k Bakanl\u0131\u011f\u0131 ise L\u00fcbnan-Suriye s\u0131n\u0131r\u0131ndaki El Masnaa yolunun restorasyonuna ba\u015flamak i\u00e7in at\u00f6lye \u00e7al\u0131\u015fmalar\u0131 haz\u0131rlamaya ba\u015flad\u0131\u011f\u0131n\u0131 duyurdu.<\/p>\n<p style=\"text-align: justify;\"><strong><a href=\"https:\/\/t.me\/SuriyeArapHaberAjansI\">Telegram Kanal\u0131m\u0131z\u00a0<\/a><span style=\"color: #ff0000;\">||<\/span><a href=\"https:\/\/twitter.com\/arap_ajans\">X Platformumuz\u00a0<\/a><span style=\"color: #ff0000;\">||<\/span><a href=\"https:\/\/www.facebook.com\/SANAHaberAjansi\/\">Facebook Sayfam\u0131z<\/a><\/strong><\/p>\n","protected":false},"excerpt":{"rendered":"<p>\u015eAM KIRSALI (SANA) &#8211; \u015eam K\u0131rsal Valili\u011fi&#8217;ndeki Teknik Hizmetler M\u00fcd\u00fcrl\u00fc\u011f\u00fc mekanizmalar\u0131 bu sabah, Cdeydet Yabus ge\u00e7i\u015f noktas\u0131n\u0131 L\u00fcbnan s\u0131n\u0131r\u0131na ba\u011flayan uluslararas\u0131 yolun rehabilitasyonu ve \u0130srail&#8217;in sald\u0131rganl\u0131\u011f\u0131 nedeniyle olu\u015fan \u00e7ukurlar\u0131n doldurulmas\u0131 \u00e7al\u0131\u015fmalar\u0131na ba\u015flad\u0131. \u015eam k\u0131rsal\u0131n\u0131n Valisi Ahmed Halil, \u00e7al\u0131\u015fmalar\u0131 takip etti\u011fi s\u0131rada yapt\u0131\u011f\u0131 bas\u0131n a\u00e7\u0131klamas\u0131nda, Suriye-L\u00fcbnan s\u0131n\u0131r\u0131ndaki Cdeydet Yabus kap\u0131s\u0131 ile El Masnaa&#8217;y\u0131 birbirine ba\u011flayan yolun &hellip;<\/p>\n","protected":false},"author":36,"featured_media":312201,"comment_status":"closed","ping_status":"closed","sticky":false,"template":"","format":"standard","meta":{"footnotes":""},"categories":[589,479,17988,478],"tags":[],"class_list":["post-312200","post","type-post","status-publish","format-standard","has-post-thumbnail","","category-haber-seridi","category-haberler-yerel","category-son-haberler","category-yerel"],"_links":{"self":[{"href":"https:\/\/archive.sana.sy\/tr\/index.php?rest_route=\/wp\/v2\/posts\/312200","targetHints":{"allow":["GET"]}}],"collection":[{"href":"https:\/\/archive.sana.sy\/tr\/index.php?rest_route=\/wp\/v2\/posts"}],"about":[{"href":"https:\/\/archive.sana.sy\/tr\/index.php?rest_route=\/wp\/v2\/types\/post"}],"author":[{"embeddable":true,"href":"https:\/\/archive.sana.sy\/tr\/index.php?rest_route=\/wp\/v2\/users\/36"}],"replies":[{"embeddable":true,"href":"https:\/\/archive.sana.sy\/tr\/index.php?rest_route=%2Fwp%2Fv2%2Fcomments&post=312200"}],"version-history":[{"count":2,"href":"https:\/\/archive.sana.sy\/tr\/index.php?rest_route=\/wp\/v2\/posts\/312200\/revisions"}],"predecessor-version":[{"id":312215,"href":"https:\/\/archive.sana.sy\/tr\/index.php?rest_route=\/wp\/v2\/posts\/312200\/revisions\/312215"}],"wp:featuredmedia":[{"embeddable":true,"href":"https:\/\/archive.sana.sy\/tr\/index.php?rest_route=\/wp\/v2\/media\/312201"}],"wp:attachment":[{"href":"https:\/\/archive.sana.sy\/tr\/index.php?rest_route=%2Fwp%2Fv2%2Fmedia&parent=312200"}],"wp:term":[{"taxonomy":"category","embeddable":true,"href":"https:\/\/archive.sana.sy\/tr\/index.php?rest_route=%2Fwp%2Fv2%2Fcategories&post=312200"},{"taxonomy":"post_tag","embeddable":true,"href":"https:\/\/archive.sana.sy\/tr\/index.php?rest_route=%2Fwp%2Fv2%2Ftags&post=312200"}],"curies":[{"name":"wp","href":"https:\/\/api.w.org\/{rel}","templated":true}]}}