{"id":312216,"date":"2024-11-27T12:42:59","date_gmt":"2024-11-27T09:42:59","guid":{"rendered":"https:\/\/sana.sy\/tr\/?p=312216"},"modified":"2024-11-27T15:49:12","modified_gmt":"2024-11-27T12:49:12","slug":"lavrov-ortadoguda-gerilimin-devam-etmesinin-nedeni-israilin-saldirgan-yaklasimidir","status":"publish","type":"post","link":"https:\/\/archive.sana.sy\/tr\/?p=312216","title":{"rendered":"Lavrov: Ortado\u011fu&#8217;da Gerilimin Devam Etmesinin Nedeni \u0130srail&#8217;in Sald\u0131rgan Yakla\u015f\u0131m\u0131d\u0131r"},"content":{"rendered":"<p style=\"text-align: justify;\"><span style=\"color: #800000;\"><strong>MOSKOVA (SANA)<\/strong> <\/span>&#8211; Rusya D\u0131\u015fi\u015fleri Bakan\u0131 Sergey Lavrov, Orta Do\u011fu krizinin t\u0131rmanmaya devam etmesinin, ABD&#8217;nin deste\u011fiyle &#8220;\u0130srail&#8221;in izledi\u011fi sald\u0131rganl\u0131k ve militarizasyon politikalar\u0131ndan kaynakland\u0131\u011f\u0131n\u0131 do\u011frulad\u0131.<\/p>\n<p style=\"text-align: justify;\">Lavrov, bug\u00fcn yay\u0131nlanan &#8220;Rossiyskaya Gazeta&#8221; gazetesine verdi\u011fi r\u00f6portajda \u015funlar\u0131 s\u00f6yledi: &#8220;Ortado\u011fu&#8217;daki durum, \u0130srail&#8217;in sald\u0131rgan ve militarist politikalar\u0131n\u0131n ve Washington&#8217;un arabuluculuk i\u015flevlerini tekeline alma ve BM G\u00fcvenlik Konseyi kararlar\u0131n\u0131 feda etme arzusunun do\u011frudan bir sonucu olarak k\u00f6t\u00fcle\u015fmeye devam ediyor.&#8221;<\/p>\n<p style=\"text-align: justify;\">Lavrov, &#8220;\u0130srail&#8217;in b\u00f6lgedeki di\u011fer \u00fclkelerin g\u00fcvenli\u011fi pahas\u0131na kendi g\u00fcvenli\u011fini garanti alt\u0131na alma arzusunun bo\u015f bir fikir oldu\u011funu ve uzun y\u0131llar boyunca sorunlara yol a\u00e7aca\u011f\u0131na&#8221; dikkat \u00e7ekerken,\u00a0 &#8220;Krizin akut safhas\u0131n\u0131 a\u015fman\u0131n bir sonraki ad\u0131m\u0131, ba\u011f\u0131ms\u0131z bir Filistin devletinin kurulmas\u0131 i\u00e7in gerekli ko\u015fullar\u0131 yaratmak ve bu hedefe ula\u015fmak olmal\u0131d\u0131r. Okyanus \u00f6tesinden kendi emirlerini empoze etmeye \u00e7al\u0131\u015fanlar\u0131n pozisyonlar\u0131na de\u011fil, \u00f6ncelikle b\u00f6lge \u00fclkelerinin pozisyonlar\u0131na g\u00fcvenmeliyiz\u201d ifadelerini s\u00f6zlerine ekledi.<\/p>\n<p style=\"text-align: center;\"><strong><a href=\"https:\/\/t.me\/SuriyeArapHaberAjansI\">Telegram Kanal\u0131m\u0131z\u00a0<\/a><span style=\"color: #ff0000;\">||<\/span><a href=\"https:\/\/twitter.com\/arap_ajans\">X Platformumuz\u00a0<\/a><span style=\"color: #ff0000;\">||<\/span><a href=\"https:\/\/www.facebook.com\/SANAHaberAjansi\/\">Facebook Sayfam\u0131z<\/a><\/strong><\/p>\n","protected":false},"excerpt":{"rendered":"<p>MOSKOVA (SANA) &#8211; Rusya D\u0131\u015fi\u015fleri Bakan\u0131 Sergey Lavrov, Orta Do\u011fu krizinin t\u0131rmanmaya devam etmesinin, ABD&#8217;nin deste\u011fiyle &#8220;\u0130srail&#8221;in izledi\u011fi sald\u0131rganl\u0131k ve militarizasyon politikalar\u0131ndan kaynakland\u0131\u011f\u0131n\u0131 do\u011frulad\u0131. Lavrov, bug\u00fcn yay\u0131nlanan &#8220;Rossiyskaya Gazeta&#8221; gazetesine verdi\u011fi r\u00f6portajda \u015funlar\u0131 s\u00f6yledi: &#8220;Ortado\u011fu&#8217;daki durum, \u0130srail&#8217;in sald\u0131rgan ve militarist politikalar\u0131n\u0131n ve Washington&#8217;un arabuluculuk i\u015flevlerini tekeline alma ve BM G\u00fcvenlik Konseyi kararlar\u0131n\u0131 feda etme arzusunun &hellip;<\/p>\n","protected":false},"author":41,"featured_media":312217,"comment_status":"closed","ping_status":"closed","sticky":false,"template":"","format":"standard","meta":{"footnotes":""},"categories":[458,589,459,17988],"tags":[],"class_list":["post-312216","post","type-post","status-publish","format-standard","has-post-thumbnail","","category-dunya1","category-haber-seridi","category-haberler-arap-uluslararasi-politika","category-son-haberler"],"_links":{"self":[{"href":"https:\/\/archive.sana.sy\/tr\/index.php?rest_route=\/wp\/v2\/posts\/312216","targetHints":{"allow":["GET"]}}],"collection":[{"href":"https:\/\/archive.sana.sy\/tr\/index.php?rest_route=\/wp\/v2\/posts"}],"about":[{"href":"https:\/\/archive.sana.sy\/tr\/index.php?rest_route=\/wp\/v2\/types\/post"}],"author":[{"embeddable":true,"href":"https:\/\/archive.sana.sy\/tr\/index.php?rest_route=\/wp\/v2\/users\/41"}],"replies":[{"embeddable":true,"href":"https:\/\/archive.sana.sy\/tr\/index.php?rest_route=%2Fwp%2Fv2%2Fcomments&post=312216"}],"version-history":[{"count":1,"href":"https:\/\/archive.sana.sy\/tr\/index.php?rest_route=\/wp\/v2\/posts\/312216\/revisions"}],"predecessor-version":[{"id":312218,"href":"https:\/\/archive.sana.sy\/tr\/index.php?rest_route=\/wp\/v2\/posts\/312216\/revisions\/312218"}],"wp:featuredmedia":[{"embeddable":true,"href":"https:\/\/archive.sana.sy\/tr\/index.php?rest_route=\/wp\/v2\/media\/312217"}],"wp:attachment":[{"href":"https:\/\/archive.sana.sy\/tr\/index.php?rest_route=%2Fwp%2Fv2%2Fmedia&parent=312216"}],"wp:term":[{"taxonomy":"category","embeddable":true,"href":"https:\/\/archive.sana.sy\/tr\/index.php?rest_route=%2Fwp%2Fv2%2Fcategories&post=312216"},{"taxonomy":"post_tag","embeddable":true,"href":"https:\/\/archive.sana.sy\/tr\/index.php?rest_route=%2Fwp%2Fv2%2Ftags&post=312216"}],"curies":[{"name":"wp","href":"https:\/\/api.w.org\/{rel}","templated":true}]}}