{"id":312219,"date":"2024-11-27T16:12:56","date_gmt":"2024-11-27T13:12:56","guid":{"rendered":"https:\/\/sana.sy\/tr\/?p=312219"},"modified":"2024-11-28T11:45:14","modified_gmt":"2024-11-28T08:45:14","slug":"israilin-sinir-kapilarina-yonelik-saldirganligi-sonucu-homs-ve-tartus-kirsalindaki-koprulerde-buyuk-hasar-olustu","status":"publish","type":"post","link":"https:\/\/archive.sana.sy\/tr\/?p=312219","title":{"rendered":"\u0130srail&#8217;in S\u0131n\u0131r Kap\u0131lar\u0131na Y\u00f6nelik Sald\u0131rganl\u0131\u011f\u0131 Sonucu Homs Ve Tartus K\u0131rsal\u0131ndaki K\u00f6pr\u00fclerde B\u00fcy\u00fck Hasar Olu\u015ftu"},"content":{"rendered":"<p style=\"text-align: justify;\"><strong><span style=\"color: #800000;\">TARTUS \u2013 HOMS (SANA)<\/span> &#8211;<\/strong>\u00a0 \u0130srail&#8217;in d\u00fcn geceki menfur sald\u0131rganl\u0131\u011f\u0131, Homs&#8217;un bat\u0131 k\u0131rsal\u0131ndaki El Dabusiyah, Cisr Kamar ve El Cubaniye ile Suriye-L\u00fcbnan s\u0131n\u0131r\u0131ndaki Tartus&#8217;taki AEl Arida k\u00f6pr\u00fclerinde b\u00fcy\u00fck hasar ve y\u0131k\u0131ma <img loading=\"lazy\" decoding=\"async\" class=\"size-medium wp-image-312221 alignright\" src=\"http:\/\/sana.sy\/tr\/wp-content\/uploads\/2024\/11\/photo_2024-11-27_14-27-28-copy-300x206.jpg\" alt=\"\" width=\"300\" height=\"206\" srcset=\"https:\/\/archive.sana.sy\/tr\/wp-content\/uploads\/2024\/11\/photo_2024-11-27_14-27-28-copy-300x206.jpg 300w, https:\/\/archive.sana.sy\/tr\/wp-content\/uploads\/2024\/11\/photo_2024-11-27_14-27-28-copy-110x75.jpg 110w, https:\/\/archive.sana.sy\/tr\/wp-content\/uploads\/2024\/11\/photo_2024-11-27_14-27-28-copy.jpg 660w\" sizes=\"auto, (max-width: 300px) 100vw, 300px\" \/>neden oldu ve k\u00f6pr\u00fcleri hizmet d\u0131\u015f\u0131 b\u0131rakt\u0131.<\/p>\n<p style=\"text-align: justify;\">Homs Karayolu Ta\u015f\u0131mac\u0131l\u0131\u011f\u0131 Genel Kurumu \u015eube M\u00fcd\u00fcr\u00fc Nebil Akkul, SANA&#8217;ya yapt\u0131\u011f\u0131 a\u00e7\u0131klamada \u015funlar\u0131 s\u00f6yledi: \u2018\u2019\u0130srail&#8217;in sald\u0131rganl\u0131\u011f\u0131, Homs Valili\u011fi ile L\u00fcbnan s\u0131n\u0131r\u0131n\u0131 birbirine ba\u011flayan hayati k\u00f6pr\u00fcler say\u0131lan \u00a0&#8220;El Dabusiya&#8221;, &#8220;El Beytuni&#8221; ve &#8220;El Ma&#8217;adi&#8221; \u00a0k\u00f6pr\u00fcleri ile \u00a0Kamar ve El C\u00fcbaniye s\u0131n\u0131r noktalar\u0131n\u0131n y\u0131k\u0131lmas\u0131na neden oldu. B\u00f6ylelikle ekonomik ve sosyal arterler olarak kabul edilen bu k\u00f6pr\u00fcler \u00fczerinden vatanda\u015flar\u0131n ve arabalar\u0131n hareketi kesiliyor.\u2019\u2019<\/p>\n<p style=\"text-align: justify;\">Akkul, uygun tedavinin geli\u015ftirilmesine haz\u0131rl\u0131k amac\u0131yla bu k\u00f6pr\u00fclerdeki hasar\u0131n \u015fu anda tespit edildi\u011fini belirtti.<\/p>\n<p style=\"text-align: justify;\">Tartos&#8217;ta Karayolu Ta\u015f\u0131mac\u0131l\u0131\u011f\u0131 Genel Kurumu \u015fube m\u00fcd\u00fcr\u00fc H\u00fcseyin Nas\u0131r benzer bir a\u00e7\u0131klamada, \u2018\u2019El Arida K\u00f6pr\u00fcs\u00fc&#8217;ndeki hasar ciddi ve son derece \u015fiddetliydi; k\u00f6pr\u00fcn\u00fcn s\u00fctunlar\u0131ndan d\u00f6\u015femelerine kadar tamamen y\u0131k\u0131lmas\u0131na ve buna paralel eski k\u00f6pr\u00fcn\u00fcn de y\u0131k\u0131lmas\u0131na neden oldu\u2019\u2019 ifadelerini kulland\u0131.<\/p>\n<p style=\"text-align: justify;\">Nas\u0131r ayr\u0131ca, El Arida K\u00f6pr\u00fcs\u00fc&#8217;n\u00fcn hayati \u00f6nem ta\u015f\u0131d\u0131\u011f\u0131n\u0131 ve El Kebir El Cenubi Nehri&#8217;nin her iki ucu aras\u0131nda ula\u015f\u0131m\u0131 ve Tartus Valili\u011fi ile L\u00fcbnan s\u0131n\u0131r\u0131 aras\u0131ndaki ba\u011flant\u0131lar\u0131 sa\u011flad\u0131\u011f\u0131n\u0131 ve\u00a0 vatanda\u015flar\u0131n hareketini ve y\u00fck ve kara ula\u015f\u0131m\u0131n\u0131 temin etti\u011fini kaydetti.<\/p>\n<p style=\"text-align: justify;\">Nas\u0131r, k\u00f6pr\u00fcdeki hasar\u0131n ilgili m\u00fchendis ve teknisyenler taraf\u0131ndan derhal incelenerek uygun tedaviye haz\u0131rl\u0131k yap\u0131ld\u0131\u011f\u0131n\u0131 da kaydetti.<\/p>\n<p style=\"text-align: center;\"><strong><a href=\"https:\/\/t.me\/SuriyeArapHaberAjansI\">Telegram Kanal\u0131m\u0131z\u00a0<\/a><span style=\"color: #ff0000;\">||<\/span><a href=\"https:\/\/twitter.com\/arap_ajans\">X Platformumuz\u00a0<\/a><span style=\"color: #ff0000;\">||<\/span><a href=\"https:\/\/www.facebook.com\/SANAHaberAjansi\/\">Facebook Sayfam\u0131z<\/a><\/strong><\/p>\n<div id='gallery-1' class='gallery galleryid-312219 gallery-columns-3 gallery-size-thumbnail'><figure class='gallery-item'>\n\t\t\t<div class='gallery-icon landscape'>\n\t\t\t\t<a href='https:\/\/archive.sana.sy\/tr\/?attachment_id=312222'><img loading=\"lazy\" decoding=\"async\" width=\"150\" height=\"150\" src=\"https:\/\/archive.sana.sy\/tr\/wp-content\/uploads\/2024\/11\/1-20-150x150.jpg\" class=\"attachment-thumbnail size-thumbnail\" alt=\"\" \/><\/a>\n\t\t\t<\/div><\/figure><figure class='gallery-item'>\n\t\t\t<div class='gallery-icon landscape'>\n\t\t\t\t<a href='https:\/\/archive.sana.sy\/tr\/?attachment_id=312223'><img loading=\"lazy\" decoding=\"async\" width=\"150\" height=\"150\" src=\"https:\/\/archive.sana.sy\/tr\/wp-content\/uploads\/2024\/11\/2-17-150x150.jpg\" class=\"attachment-thumbnail size-thumbnail\" alt=\"\" \/><\/a>\n\t\t\t<\/div><\/figure><figure class='gallery-item'>\n\t\t\t<div class='gallery-icon landscape'>\n\t\t\t\t<a href='https:\/\/archive.sana.sy\/tr\/?attachment_id=312224'><img loading=\"lazy\" decoding=\"async\" width=\"150\" height=\"150\" src=\"https:\/\/archive.sana.sy\/tr\/wp-content\/uploads\/2024\/11\/6-3-150x150.jpg\" class=\"attachment-thumbnail size-thumbnail\" alt=\"\" \/><\/a>\n\t\t\t<\/div><\/figure><figure class='gallery-item'>\n\t\t\t<div class='gallery-icon landscape'>\n\t\t\t\t<a href='https:\/\/archive.sana.sy\/tr\/?attachment_id=312225'><img loading=\"lazy\" decoding=\"async\" width=\"150\" height=\"150\" src=\"https:\/\/archive.sana.sy\/tr\/wp-content\/uploads\/2024\/11\/3-13-150x150.jpg\" class=\"attachment-thumbnail size-thumbnail\" alt=\"\" \/><\/a>\n\t\t\t<\/div><\/figure><figure class='gallery-item'>\n\t\t\t<div class='gallery-icon landscape'>\n\t\t\t\t<a href='https:\/\/archive.sana.sy\/tr\/?attachment_id=312226'><img loading=\"lazy\" decoding=\"async\" width=\"150\" height=\"150\" src=\"https:\/\/archive.sana.sy\/tr\/wp-content\/uploads\/2024\/11\/4-10-150x150.jpg\" class=\"attachment-thumbnail size-thumbnail\" alt=\"\" \/><\/a>\n\t\t\t<\/div><\/figure><figure class='gallery-item'>\n\t\t\t<div class='gallery-icon landscape'>\n\t\t\t\t<a href='https:\/\/archive.sana.sy\/tr\/?attachment_id=312227'><img loading=\"lazy\" decoding=\"async\" width=\"150\" height=\"150\" src=\"https:\/\/archive.sana.sy\/tr\/wp-content\/uploads\/2024\/11\/5-5-150x150.jpg\" class=\"attachment-thumbnail size-thumbnail\" alt=\"\" \/><\/a>\n\t\t\t<\/div><\/figure>\n\t\t<\/div>\n\n<p><strong><span style=\"color: #0000ff;\">El Arida S\u0131n\u0131r Kap\u0131s\u0131:\u00a0<\/span><\/strong><\/p>\n<div id='gallery-2' class='gallery galleryid-312219 gallery-columns-3 gallery-size-thumbnail'><figure class='gallery-item'>\n\t\t\t<div class='gallery-icon landscape'>\n\t\t\t\t<a href='https:\/\/archive.sana.sy\/tr\/?attachment_id=312228'><img loading=\"lazy\" decoding=\"async\" width=\"150\" height=\"150\" src=\"https:\/\/archive.sana.sy\/tr\/wp-content\/uploads\/2024\/11\/11-150x150.jpg\" class=\"attachment-thumbnail size-thumbnail\" alt=\"\" \/><\/a>\n\t\t\t<\/div><\/figure><figure class='gallery-item'>\n\t\t\t<div class='gallery-icon landscape'>\n\t\t\t\t<a href='https:\/\/archive.sana.sy\/tr\/?attachment_id=312229'><img loading=\"lazy\" decoding=\"async\" width=\"150\" height=\"150\" src=\"https:\/\/archive.sana.sy\/tr\/wp-content\/uploads\/2024\/11\/22-150x150.jpg\" class=\"attachment-thumbnail size-thumbnail\" alt=\"\" \/><\/a>\n\t\t\t<\/div><\/figure><figure class='gallery-item'>\n\t\t\t<div class='gallery-icon landscape'>\n\t\t\t\t<a href='https:\/\/archive.sana.sy\/tr\/?attachment_id=312230'><img loading=\"lazy\" decoding=\"async\" width=\"150\" height=\"150\" src=\"https:\/\/archive.sana.sy\/tr\/wp-content\/uploads\/2024\/11\/33-150x150.jpg\" class=\"attachment-thumbnail size-thumbnail\" alt=\"\" \/><\/a>\n\t\t\t<\/div><\/figure>\n\t\t<\/div>\n\n<p>&nbsp;<\/p>\n","protected":false},"excerpt":{"rendered":"<p>TARTUS \u2013 HOMS (SANA) &#8211;\u00a0 \u0130srail&#8217;in d\u00fcn geceki menfur sald\u0131rganl\u0131\u011f\u0131, Homs&#8217;un bat\u0131 k\u0131rsal\u0131ndaki El Dabusiyah, Cisr Kamar ve El Cubaniye ile Suriye-L\u00fcbnan s\u0131n\u0131r\u0131ndaki Tartus&#8217;taki AEl Arida k\u00f6pr\u00fclerinde b\u00fcy\u00fck hasar ve y\u0131k\u0131ma neden oldu ve k\u00f6pr\u00fcleri hizmet d\u0131\u015f\u0131 b\u0131rakt\u0131. Homs Karayolu Ta\u015f\u0131mac\u0131l\u0131\u011f\u0131 Genel Kurumu \u015eube M\u00fcd\u00fcr\u00fc Nebil Akkul, SANA&#8217;ya yapt\u0131\u011f\u0131 a\u00e7\u0131klamada \u015funlar\u0131 s\u00f6yledi: \u2018\u2019\u0130srail&#8217;in sald\u0131rganl\u0131\u011f\u0131, Homs &hellip;<\/p>\n","protected":false},"author":41,"featured_media":312220,"comment_status":"closed","ping_status":"closed","sticky":false,"template":"","format":"standard","meta":{"footnotes":""},"categories":[479,575,17988,478],"tags":[42949,39047,19043,38641],"class_list":["post-312219","post","type-post","status-publish","format-standard","has-post-thumbnail","","category-haberler-yerel","category-olaylar-ve-gercekler","category-son-haberler","category-yerel","tag-israilin-sinir-kapilarina-yonelik-saldirganligi-sonucu-homs-ve-tartus-kirsalindaki-koprulerde-buyuk-hasar-olustu","tag-suriye-ile-israil-arasinda-savas","tag-suriyede-son-durum","tag-suriyede-son-gelimeler"],"_links":{"self":[{"href":"https:\/\/archive.sana.sy\/tr\/index.php?rest_route=\/wp\/v2\/posts\/312219","targetHints":{"allow":["GET"]}}],"collection":[{"href":"https:\/\/archive.sana.sy\/tr\/index.php?rest_route=\/wp\/v2\/posts"}],"about":[{"href":"https:\/\/archive.sana.sy\/tr\/index.php?rest_route=\/wp\/v2\/types\/post"}],"author":[{"embeddable":true,"href":"https:\/\/archive.sana.sy\/tr\/index.php?rest_route=\/wp\/v2\/users\/41"}],"replies":[{"embeddable":true,"href":"https:\/\/archive.sana.sy\/tr\/index.php?rest_route=%2Fwp%2Fv2%2Fcomments&post=312219"}],"version-history":[{"count":1,"href":"https:\/\/archive.sana.sy\/tr\/index.php?rest_route=\/wp\/v2\/posts\/312219\/revisions"}],"predecessor-version":[{"id":312231,"href":"https:\/\/archive.sana.sy\/tr\/index.php?rest_route=\/wp\/v2\/posts\/312219\/revisions\/312231"}],"wp:featuredmedia":[{"embeddable":true,"href":"https:\/\/archive.sana.sy\/tr\/index.php?rest_route=\/wp\/v2\/media\/312220"}],"wp:attachment":[{"href":"https:\/\/archive.sana.sy\/tr\/index.php?rest_route=%2Fwp%2Fv2%2Fmedia&parent=312219"}],"wp:term":[{"taxonomy":"category","embeddable":true,"href":"https:\/\/archive.sana.sy\/tr\/index.php?rest_route=%2Fwp%2Fv2%2Fcategories&post=312219"},{"taxonomy":"post_tag","embeddable":true,"href":"https:\/\/archive.sana.sy\/tr\/index.php?rest_route=%2Fwp%2Fv2%2Ftags&post=312219"}],"curies":[{"name":"wp","href":"https:\/\/api.w.org\/{rel}","templated":true}]}}