{"id":312232,"date":"2024-11-27T11:50:16","date_gmt":"2024-11-27T08:50:16","guid":{"rendered":"https:\/\/sana.sy\/tr\/?p=312232"},"modified":"2024-11-27T17:43:54","modified_gmt":"2024-11-27T14:43:54","slug":"suudi-arabistan-lubnanda-ateskes-ilanini-memnuniyetle-karsiladi","status":"publish","type":"post","link":"https:\/\/archive.sana.sy\/tr\/?p=312232","title":{"rendered":"Suudi Arabistan L\u00fcbnan&#8217;da Ate\u015fkes \u0130lan\u0131n\u0131 Memnuniyetle Kar\u015f\u0131lad\u0131"},"content":{"rendered":"<p style=\"text-align: justify;\"><strong><span style=\"color: #800000;\">R\u0130YAD (SANA)<\/span> &#8211;<\/strong>\u00a0 Suudi Arabistan Krall\u0131\u011f\u0131, L\u00fcbnan ile \u0130srail i\u015fgal varl\u0131\u011f\u0131 aras\u0131nda ate\u015fkes ilan edilmesini ve bunun y\u00fcr\u00fcrl\u00fc\u011fe girmesini memnuniyetle kar\u015f\u0131lad\u0131.<\/p>\n<p style=\"text-align: justify;\">SPA haber ajans\u0131na g\u00f6re Suudi D\u0131\u015fi\u015fleri Bakanl\u0131\u011f\u0131 bug\u00fcn yapt\u0131\u011f\u0131 a\u00e7\u0131klamada \u015funlar\u0131 s\u00f6yledi: &#8220;Krall\u0131k bu konuda g\u00f6sterilen t\u00fcm uluslararas\u0131 \u00e7abalara de\u011fer veriyor ve \u00a0bunun G\u00fcvenlik Konseyi&#8217;nin 1701 say\u0131l\u0131 Karar\u0131n\u0131n uygulanmas\u0131na, L\u00fcbnan&#8217;\u0131n egemenli\u011finin, g\u00fcvenli\u011finin ve istikrar\u0131n\u0131n korunmas\u0131na ve yerinden edilenlerin g\u00fcvenlik ve g\u00fcvenlik i\u00e7inde evlerine d\u00f6nmelerine yol a\u00e7aca\u011f\u0131n\u0131 umuyor.&#8221;<\/p>\n<p style=\"text-align: center;\"><strong><a href=\"https:\/\/t.me\/SuriyeArapHaberAjansI\">Telegram Kanal\u0131m\u0131z\u00a0<\/a><span style=\"color: #ff0000;\">||<\/span><a href=\"https:\/\/twitter.com\/arap_ajans\">X Platformumuz\u00a0<\/a><span style=\"color: #ff0000;\">||<\/span><a href=\"https:\/\/www.facebook.com\/SANAHaberAjansi\/\">Facebook Sayfam\u0131z<\/a><\/strong><\/p>\n","protected":false},"excerpt":{"rendered":"<p>R\u0130YAD (SANA) &#8211;\u00a0 Suudi Arabistan Krall\u0131\u011f\u0131, L\u00fcbnan ile \u0130srail i\u015fgal varl\u0131\u011f\u0131 aras\u0131nda ate\u015fkes ilan edilmesini ve bunun y\u00fcr\u00fcrl\u00fc\u011fe girmesini memnuniyetle kar\u015f\u0131lad\u0131. SPA haber ajans\u0131na g\u00f6re Suudi D\u0131\u015fi\u015fleri Bakanl\u0131\u011f\u0131 bug\u00fcn yapt\u0131\u011f\u0131 a\u00e7\u0131klamada \u015funlar\u0131 s\u00f6yledi: &#8220;Krall\u0131k bu konuda g\u00f6sterilen t\u00fcm uluslararas\u0131 \u00e7abalara de\u011fer veriyor ve \u00a0bunun G\u00fcvenlik Konseyi&#8217;nin 1701 say\u0131l\u0131 Karar\u0131n\u0131n uygulanmas\u0131na, L\u00fcbnan&#8217;\u0131n egemenli\u011finin, g\u00fcvenli\u011finin ve istikrar\u0131n\u0131n &hellip;<\/p>\n","protected":false},"author":41,"featured_media":312233,"comment_status":"closed","ping_status":"closed","sticky":false,"template":"","format":"standard","meta":{"footnotes":""},"categories":[458,589,459,17988],"tags":[42950],"class_list":["post-312232","post","type-post","status-publish","format-standard","has-post-thumbnail","","category-dunya1","category-haber-seridi","category-haberler-arap-uluslararasi-politika","category-son-haberler","tag-suudi-arabistan-lubnanda-ateskes-ilanini-memnuniyetle-karsiladi"],"_links":{"self":[{"href":"https:\/\/archive.sana.sy\/tr\/index.php?rest_route=\/wp\/v2\/posts\/312232","targetHints":{"allow":["GET"]}}],"collection":[{"href":"https:\/\/archive.sana.sy\/tr\/index.php?rest_route=\/wp\/v2\/posts"}],"about":[{"href":"https:\/\/archive.sana.sy\/tr\/index.php?rest_route=\/wp\/v2\/types\/post"}],"author":[{"embeddable":true,"href":"https:\/\/archive.sana.sy\/tr\/index.php?rest_route=\/wp\/v2\/users\/41"}],"replies":[{"embeddable":true,"href":"https:\/\/archive.sana.sy\/tr\/index.php?rest_route=%2Fwp%2Fv2%2Fcomments&post=312232"}],"version-history":[{"count":1,"href":"https:\/\/archive.sana.sy\/tr\/index.php?rest_route=\/wp\/v2\/posts\/312232\/revisions"}],"predecessor-version":[{"id":312234,"href":"https:\/\/archive.sana.sy\/tr\/index.php?rest_route=\/wp\/v2\/posts\/312232\/revisions\/312234"}],"wp:featuredmedia":[{"embeddable":true,"href":"https:\/\/archive.sana.sy\/tr\/index.php?rest_route=\/wp\/v2\/media\/312233"}],"wp:attachment":[{"href":"https:\/\/archive.sana.sy\/tr\/index.php?rest_route=%2Fwp%2Fv2%2Fmedia&parent=312232"}],"wp:term":[{"taxonomy":"category","embeddable":true,"href":"https:\/\/archive.sana.sy\/tr\/index.php?rest_route=%2Fwp%2Fv2%2Fcategories&post=312232"},{"taxonomy":"post_tag","embeddable":true,"href":"https:\/\/archive.sana.sy\/tr\/index.php?rest_route=%2Fwp%2Fv2%2Ftags&post=312232"}],"curies":[{"name":"wp","href":"https:\/\/api.w.org\/{rel}","templated":true}]}}