{"id":312279,"date":"2024-11-28T19:32:43","date_gmt":"2024-11-28T16:32:43","guid":{"rendered":"https:\/\/sana.sy\/tr\/?p=312279"},"modified":"2024-11-28T19:53:14","modified_gmt":"2024-11-28T16:53:14","slug":"dusman-israilin-saldirganligi-sonucu-hizmet-disi-kalan-arida-sinir-kapisi-yakinda-hizmete-donecek","status":"publish","type":"post","link":"https:\/\/archive.sana.sy\/tr\/?p=312279","title":{"rendered":"D\u00fc\u015fman \u0130srail\u2019in Sald\u0131rganl\u0131\u011f\u0131 Sonucu Hizmet D\u0131\u015f\u0131 Kalan Arida S\u0131n\u0131r Kap\u0131s\u0131 Yak\u0131nda Hizmete D\u00f6necek"},"content":{"rendered":"<p style=\"text-align: justify;\"><strong>TARTUS (SANA)<\/strong> &#8211; Tartus Valili\u011fi&#8217;ndeki ilgili hizmet m\u00fcd\u00fcrl\u00fcklerinin at\u00f6lyeleri, Arida s\u0131n\u0131r kap\u0131s\u0131n\u0131n rehabilitasyonu ve hizmete d\u00f6nmesi i\u00e7in haz\u0131rl\u0131k amac\u0131yla, Arida s\u0131n\u0131r kap\u0131s\u0131ndaki molozlar\u0131 ve menfur \u0130srail sald\u0131rganl\u0131\u011f\u0131n\u0131n izlerini kald\u0131rma \u00e7al\u0131\u015fmalar\u0131na ba\u015flad\u0131.<\/p>\n<p style=\"text-align: justify;\"><img loading=\"lazy\" decoding=\"async\" class=\"size-medium wp-image-312281 alignright\" src=\"http:\/\/sana.sy\/tr\/wp-content\/uploads\/2024\/11\/photo_2024-11-28_16-51-24-1-300x200.jpg\" alt=\"\" width=\"300\" height=\"200\" srcset=\"https:\/\/archive.sana.sy\/tr\/wp-content\/uploads\/2024\/11\/photo_2024-11-28_16-51-24-1-300x200.jpg 300w, https:\/\/archive.sana.sy\/tr\/wp-content\/uploads\/2024\/11\/photo_2024-11-28_16-51-24-1.jpg 660w\" sizes=\"auto, (max-width: 300px) 100vw, 300px\" \/>Arida s\u0131n\u0131r kap\u0131s\u0131 m\u00fcd\u00fcr\u00fc Hasan Barhum, gazetecilere yapt\u0131\u011f\u0131 a\u00e7\u0131klamada, merkezin altyap\u0131s\u0131n\u0131n ve i\u00e7indeki t\u00fcm binalar\u0131n a\u011f\u0131r hasar g\u00f6rd\u00fc\u011f\u00fcn\u00fc belirterek, sald\u0131rganl\u0131\u011f\u0131n\u0131n ilk anlar\u0131ndan itibaren uzman teknik heyetlerin ger\u00e7e\u011fi inceleyip de\u011ferlendirmeye, hasarlar\u0131 tespit etmeye, merkezin genel lokasyonundaki moloz, toprak ve molozlar\u0131 kald\u0131rmak ve kald\u0131rmak i\u00e7in \u00e7al\u0131\u015fmalara ba\u015flad\u0131klar\u0131n\u0131 belirtti.<\/p>\n<p style=\"text-align: justify;\">Valili\u011fin kamu hizmetleri m\u00fcd\u00fcr\u00fc Cihad Kumeyra ise Tartus valili\u011finin, teknik hizmetler ve su kaynaklar\u0131 m\u00fcd\u00fcrl\u00fckleri ve di\u011fer m\u00fcd\u00fcrl\u00fcklerin \u00e7al\u0131\u015ftaylar\u0131 arac\u0131l\u0131\u011f\u0131yla bu hayati ve \u00f6nemli b\u00f6lgeyi rehabilitasyona haz\u0131rlamak i\u00e7in \u00e7al\u0131\u015fmaya ba\u015flad\u0131\u011f\u0131n\u0131 kaydetti.<\/p>\n<p style=\"text-align: justify;\">Kumeyra ayr\u0131ca, merkezin oradan ge\u00e7en vatanda\u015flara hizmet vermek ve karde\u015f L\u00fcbnan&#8217;dan gelenleri kabul etmek \u00fczere m\u00fcmk\u00fcn olan en k\u0131sa s\u00fcrede \u00e7al\u0131\u015f\u0131r hale getirilmesi i\u00e7in \u00e7al\u0131\u015fmalar\u0131n 24 saat boyunca y\u00fcksek bir h\u0131zla ilerleyece\u011fini vurgulad\u0131.<\/p>\n<p style=\"text-align: center;\"><strong><a href=\"https:\/\/t.me\/SuriyeArapHaberAjansI\">Telegram Kanal\u0131m\u0131z\u00a0<\/a><span style=\"color: #ff0000;\">||<\/span><a href=\"https:\/\/twitter.com\/arap_ajans\">X Platformumuz\u00a0<\/a><span style=\"color: #ff0000;\">||<\/span><a href=\"https:\/\/www.facebook.com\/SANAHaberAjansi\/\">Facebook Sayfam\u0131z<\/a><\/strong><\/p>\n<div id='gallery-1' class='gallery galleryid-312279 gallery-columns-4 gallery-size-thumbnail'><figure class='gallery-item'>\n\t\t\t<div class='gallery-icon landscape'>\n\t\t\t\t<a href='https:\/\/archive.sana.sy\/tr\/?attachment_id=312282'><img loading=\"lazy\" decoding=\"async\" width=\"150\" height=\"150\" src=\"https:\/\/archive.sana.sy\/tr\/wp-content\/uploads\/2024\/11\/2-19-150x150.jpg\" class=\"attachment-thumbnail size-thumbnail\" alt=\"\" \/><\/a>\n\t\t\t<\/div><\/figure><figure class='gallery-item'>\n\t\t\t<div class='gallery-icon landscape'>\n\t\t\t\t<a href='https:\/\/archive.sana.sy\/tr\/?attachment_id=312283'><img loading=\"lazy\" decoding=\"async\" width=\"150\" height=\"150\" src=\"https:\/\/archive.sana.sy\/tr\/wp-content\/uploads\/2024\/11\/8-1-150x150.jpg\" class=\"attachment-thumbnail size-thumbnail\" alt=\"\" \/><\/a>\n\t\t\t<\/div><\/figure><figure class='gallery-item'>\n\t\t\t<div class='gallery-icon landscape'>\n\t\t\t\t<a href='https:\/\/archive.sana.sy\/tr\/?attachment_id=312284'><img loading=\"lazy\" decoding=\"async\" width=\"150\" height=\"150\" src=\"https:\/\/archive.sana.sy\/tr\/wp-content\/uploads\/2024\/11\/5-6-150x150.jpg\" class=\"attachment-thumbnail size-thumbnail\" alt=\"\" \/><\/a>\n\t\t\t<\/div><\/figure><figure class='gallery-item'>\n\t\t\t<div class='gallery-icon landscape'>\n\t\t\t\t<a href='https:\/\/archive.sana.sy\/tr\/?attachment_id=312285'><img loading=\"lazy\" decoding=\"async\" width=\"150\" height=\"150\" src=\"https:\/\/archive.sana.sy\/tr\/wp-content\/uploads\/2024\/11\/7-1-150x150.jpg\" class=\"attachment-thumbnail size-thumbnail\" alt=\"\" \/><\/a>\n\t\t\t<\/div><\/figure><figure class='gallery-item'>\n\t\t\t<div class='gallery-icon landscape'>\n\t\t\t\t<a href='https:\/\/archive.sana.sy\/tr\/?attachment_id=312286'><img loading=\"lazy\" decoding=\"async\" width=\"150\" height=\"150\" src=\"https:\/\/archive.sana.sy\/tr\/wp-content\/uploads\/2024\/11\/3-15-150x150.jpg\" class=\"attachment-thumbnail size-thumbnail\" alt=\"\" \/><\/a>\n\t\t\t<\/div><\/figure><figure class='gallery-item'>\n\t\t\t<div class='gallery-icon landscape'>\n\t\t\t\t<a href='https:\/\/archive.sana.sy\/tr\/?attachment_id=312287'><img loading=\"lazy\" decoding=\"async\" width=\"150\" height=\"150\" src=\"https:\/\/archive.sana.sy\/tr\/wp-content\/uploads\/2024\/11\/6-4-150x150.jpg\" class=\"attachment-thumbnail size-thumbnail\" alt=\"\" \/><\/a>\n\t\t\t<\/div><\/figure><figure class='gallery-item'>\n\t\t\t<div class='gallery-icon landscape'>\n\t\t\t\t<a href='https:\/\/archive.sana.sy\/tr\/?attachment_id=312288'><img loading=\"lazy\" decoding=\"async\" width=\"150\" height=\"150\" src=\"https:\/\/archive.sana.sy\/tr\/wp-content\/uploads\/2024\/11\/4-12-150x150.jpg\" class=\"attachment-thumbnail size-thumbnail\" alt=\"\" \/><\/a>\n\t\t\t<\/div><\/figure><figure class='gallery-item'>\n\t\t\t<div class='gallery-icon landscape'>\n\t\t\t\t<a href='https:\/\/archive.sana.sy\/tr\/?attachment_id=312289'><img loading=\"lazy\" decoding=\"async\" width=\"150\" height=\"150\" src=\"https:\/\/archive.sana.sy\/tr\/wp-content\/uploads\/2024\/11\/1-22-150x150.jpg\" class=\"attachment-thumbnail size-thumbnail\" alt=\"\" \/><\/a>\n\t\t\t<\/div><\/figure>\n\t\t<\/div>\n\n","protected":false},"excerpt":{"rendered":"<p>TARTUS (SANA) &#8211; Tartus Valili\u011fi&#8217;ndeki ilgili hizmet m\u00fcd\u00fcrl\u00fcklerinin at\u00f6lyeleri, Arida s\u0131n\u0131r kap\u0131s\u0131n\u0131n rehabilitasyonu ve hizmete d\u00f6nmesi i\u00e7in haz\u0131rl\u0131k amac\u0131yla, Arida s\u0131n\u0131r kap\u0131s\u0131ndaki molozlar\u0131 ve menfur \u0130srail sald\u0131rganl\u0131\u011f\u0131n\u0131n izlerini kald\u0131rma \u00e7al\u0131\u015fmalar\u0131na ba\u015flad\u0131. Arida s\u0131n\u0131r kap\u0131s\u0131 m\u00fcd\u00fcr\u00fc Hasan Barhum, gazetecilere yapt\u0131\u011f\u0131 a\u00e7\u0131klamada, merkezin altyap\u0131s\u0131n\u0131n ve i\u00e7indeki t\u00fcm binalar\u0131n a\u011f\u0131r hasar g\u00f6rd\u00fc\u011f\u00fcn\u00fc belirterek, sald\u0131rganl\u0131\u011f\u0131n\u0131n ilk anlar\u0131ndan itibaren uzman &hellip;<\/p>\n","protected":false},"author":44,"featured_media":312280,"comment_status":"closed","ping_status":"closed","sticky":false,"template":"","format":"standard","meta":{"footnotes":""},"categories":[589,479,17988,478],"tags":[42965,38380,24911],"class_list":["post-312279","post","type-post","status-publish","format-standard","has-post-thumbnail","","category-haber-seridi","category-haberler-yerel","category-son-haberler","category-yerel","tag-dusman-israilin-saldirganligi-sonucu-hizmet-disi-kalan-arida-sinir-kapisi-yakinda-hizmete-donecek","tag-suriyede-ne-oluyor","tag-suriyede-son-gelismeler"],"_links":{"self":[{"href":"https:\/\/archive.sana.sy\/tr\/index.php?rest_route=\/wp\/v2\/posts\/312279","targetHints":{"allow":["GET"]}}],"collection":[{"href":"https:\/\/archive.sana.sy\/tr\/index.php?rest_route=\/wp\/v2\/posts"}],"about":[{"href":"https:\/\/archive.sana.sy\/tr\/index.php?rest_route=\/wp\/v2\/types\/post"}],"author":[{"embeddable":true,"href":"https:\/\/archive.sana.sy\/tr\/index.php?rest_route=\/wp\/v2\/users\/44"}],"replies":[{"embeddable":true,"href":"https:\/\/archive.sana.sy\/tr\/index.php?rest_route=%2Fwp%2Fv2%2Fcomments&post=312279"}],"version-history":[{"count":2,"href":"https:\/\/archive.sana.sy\/tr\/index.php?rest_route=\/wp\/v2\/posts\/312279\/revisions"}],"predecessor-version":[{"id":312291,"href":"https:\/\/archive.sana.sy\/tr\/index.php?rest_route=\/wp\/v2\/posts\/312279\/revisions\/312291"}],"wp:featuredmedia":[{"embeddable":true,"href":"https:\/\/archive.sana.sy\/tr\/index.php?rest_route=\/wp\/v2\/media\/312280"}],"wp:attachment":[{"href":"https:\/\/archive.sana.sy\/tr\/index.php?rest_route=%2Fwp%2Fv2%2Fmedia&parent=312279"}],"wp:term":[{"taxonomy":"category","embeddable":true,"href":"https:\/\/archive.sana.sy\/tr\/index.php?rest_route=%2Fwp%2Fv2%2Fcategories&post=312279"},{"taxonomy":"post_tag","embeddable":true,"href":"https:\/\/archive.sana.sy\/tr\/index.php?rest_route=%2Fwp%2Fv2%2Ftags&post=312279"}],"curies":[{"name":"wp","href":"https:\/\/api.w.org\/{rel}","templated":true}]}}