{"id":31229,"date":"2015-04-28T19:30:45","date_gmt":"2015-04-28T16:30:45","guid":{"rendered":"http:\/\/www.sana.sy\/tr\/?p=31229"},"modified":"2015-04-29T16:36:13","modified_gmt":"2015-04-29T13:36:13","slug":"lahham-ve-piazzi-suriye-ve-bolgenin-durumlarini-masaya-yatirdi","status":"publish","type":"post","link":"https:\/\/archive.sana.sy\/tr\/?p=31229","title":{"rendered":"Lahham ve Piazzi Suriye ve B\u00f6lgenin Durumlar\u0131n\u0131 Masaya Yat\u0131rd\u0131"},"content":{"rendered":"<p>\u015eAM \u2013 Halk Meclisi Ba\u015fkan\u0131 Muhammed Cihat el Lahham bug\u00fcn Akdeniz Parlamenter Asamblesi Genel Sekreteri Sergio Piazzi ile Suriye&#8217;nin d\u00f6rt y\u0131la a\u015fk\u0131n s\u00fcredir maruz kald\u0131\u011f\u0131 \u00e7okuluslu sistematik ter\u00f6r ve genel olarak t\u00fcm b\u00f6lgenin g\u00fcndemini masaya yat\u0131rd\u0131.<\/p>\n<p>Lahham Bat\u0131l\u0131 devletler ve kimi b\u00f6lge devletlerinin ba\u015fka devletlerin i\u00e7i\u015flerine m\u00fcdahaleleri ve radikal ter\u00f6r \u00f6rg\u00fctlere destekleri nedeniyle tekfirci ter\u00f6r\u00fcn b\u00f6lgede yay\u0131ld\u0131\u011f\u0131na dikkat \u00e7ekerken, Akdeniz halklar\u0131n\u0131n bu ter\u00f6r\u00fcn ciddi tehlikesine en \u00e7ok maruz kald\u0131klar\u0131na vurgu yapt\u0131.<\/p>\n<p><a href=\"http:\/\/www.sana.sy\/tr\/wp-content\/uploads\/2015\/04\/Lahham.JPG-21.jpg\"><img loading=\"lazy\" decoding=\"async\" class=\"alignright wp-image-31232 size-medium\" src=\"http:\/\/www.sana.sy\/tr\/wp-content\/uploads\/2015\/04\/Lahham.JPG-21-300x200.jpg\" alt=\"Lahham.JPG 2\" width=\"300\" height=\"200\" srcset=\"https:\/\/archive.sana.sy\/tr\/wp-content\/uploads\/2015\/04\/Lahham.JPG-21-300x200.jpg 300w, https:\/\/archive.sana.sy\/tr\/wp-content\/uploads\/2015\/04\/Lahham.JPG-21-150x100.jpg 150w, https:\/\/archive.sana.sy\/tr\/wp-content\/uploads\/2015\/04\/Lahham.JPG-21-1024x681.jpg 1024w\" sizes=\"auto, (max-width: 300px) 100vw, 300px\" \/><\/a>Suriye&#8217;nin ulusal egemenli\u011fi ve ba\u011f\u0131ms\u0131zl\u0131\u011f\u0131na sayg\u0131 kapsam\u0131nda t\u00fcm uluslar aras\u0131 kurum ve \u00f6rg\u00fctlerin iyi niyet \u00e7abalar\u0131na a\u00e7\u0131k oldu\u011funu belirten Lahham; bu \u00e7abalar\u0131n ter\u00f6re deste\u011fin kesilmesinde ciddi olmas\u0131 \u00f6nemini ifade etti. Lahham Suriye&#8217;de siyasi \u00e7\u00f6z\u00fcm\u00fcn ilk ad\u0131m\u0131 olarak b\u00f6lgede kanser hastal\u0131\u011f\u0131 gibi yay\u0131lan ter\u00f6rle m\u00fccadele ve ter\u00f6re deste\u011fin kesilmesiyle temsil oldu\u011funun alt\u0131n\u0131 \u00e7izdi.<\/p>\n<p>Ter\u00f6rle ger\u00e7ekten m\u00fccadele etmek isteyenlerin bu iste\u011finde ciddi ve d\u00fcr\u00fcst olup Suriye ve Irak h\u00fck\u00fcmetleriyle koordinasyonda bulunmas\u0131 gerekti\u011fini belirten Lahham; ter\u00f6r\u00fcn ani \u00e7\u0131karlar ve kinci hedefler u\u011fruna edat olarak kullan\u0131lmas\u0131n\u0131n tehlikesine kar\u015f\u0131 uyard\u0131.<\/p>\n<p>G\u00f6r\u00fc\u015fmede Piazzi, Suriye&#8217;de siyasi yollarla \u00e7\u00f6z\u00fcm\u00fcn sa\u011flanmas\u0131yla birlikte Halk Meclisinin ulusal uzla\u015fmalar y\u00f6n\u00fcndeki \u00e7abalar\u0131na Asamblenin tam deste\u011fini ifade etti.<\/p>\n<p>Piazzi BM raporlar\u0131n\u0131 inceledi\u011fine i\u015faret ederken, bu raporlarda Bat\u0131l\u0131 bir\u00e7ok devletin ABD\u2019nin \u2018Suriyeli \u0131l\u0131ml\u0131 muhaliflere\u2019 askeri e\u011fitim verme ve silahland\u0131rma planlar\u0131na kar\u015f\u0131 olduklar\u0131n\u0131 g\u00f6rd\u00fc\u011f\u00fcne dikkat \u00e7ekti. Piazzi ayn\u0131 zamanda \u00e7ok say\u0131da devletin Suriye&#8217;deki krize siyasi \u00e7\u00f6z\u00fcm \u00e7a\u011fr\u0131s\u0131 yapt\u0131\u011f\u0131na da tan\u0131k oldu\u011funu belirtti.<\/p>\n<p>A.A. &#8211; M.M.<\/p>\n","protected":false},"excerpt":{"rendered":"<p>\u015eAM \u2013 Halk Meclisi Ba\u015fkan\u0131 Muhammed Cihat el Lahham bug\u00fcn Akdeniz Parlamenter Asamblesi Genel Sekreteri Sergio Piazzi ile Suriye&#8217;nin d\u00f6rt y\u0131la a\u015fk\u0131n s\u00fcredir maruz kald\u0131\u011f\u0131 \u00e7okuluslu sistematik ter\u00f6r ve genel olarak t\u00fcm b\u00f6lgenin g\u00fcndemini masaya yat\u0131rd\u0131. Lahham Bat\u0131l\u0131 devletler ve kimi b\u00f6lge devletlerinin ba\u015fka devletlerin i\u00e7i\u015flerine m\u00fcdahaleleri ve radikal ter\u00f6r \u00f6rg\u00fctlere destekleri nedeniyle tekfirci ter\u00f6r\u00fcn &hellip;<\/p>\n","protected":false},"author":1,"featured_media":31230,"comment_status":"closed","ping_status":"closed","sticky":false,"template":"","format":"standard","meta":{"footnotes":""},"categories":[479,478],"tags":[],"class_list":["post-31229","post","type-post","status-publish","format-standard","has-post-thumbnail","","category-haberler-yerel","category-yerel"],"_links":{"self":[{"href":"https:\/\/archive.sana.sy\/tr\/index.php?rest_route=\/wp\/v2\/posts\/31229","targetHints":{"allow":["GET"]}}],"collection":[{"href":"https:\/\/archive.sana.sy\/tr\/index.php?rest_route=\/wp\/v2\/posts"}],"about":[{"href":"https:\/\/archive.sana.sy\/tr\/index.php?rest_route=\/wp\/v2\/types\/post"}],"author":[{"embeddable":true,"href":"https:\/\/archive.sana.sy\/tr\/index.php?rest_route=\/wp\/v2\/users\/1"}],"replies":[{"embeddable":true,"href":"https:\/\/archive.sana.sy\/tr\/index.php?rest_route=%2Fwp%2Fv2%2Fcomments&post=31229"}],"version-history":[{"count":0,"href":"https:\/\/archive.sana.sy\/tr\/index.php?rest_route=\/wp\/v2\/posts\/31229\/revisions"}],"wp:featuredmedia":[{"embeddable":true,"href":"https:\/\/archive.sana.sy\/tr\/index.php?rest_route=\/wp\/v2\/media\/31230"}],"wp:attachment":[{"href":"https:\/\/archive.sana.sy\/tr\/index.php?rest_route=%2Fwp%2Fv2%2Fmedia&parent=31229"}],"wp:term":[{"taxonomy":"category","embeddable":true,"href":"https:\/\/archive.sana.sy\/tr\/index.php?rest_route=%2Fwp%2Fv2%2Fcategories&post=31229"},{"taxonomy":"post_tag","embeddable":true,"href":"https:\/\/archive.sana.sy\/tr\/index.php?rest_route=%2Fwp%2Fv2%2Ftags&post=31229"}],"curies":[{"name":"wp","href":"https:\/\/api.w.org\/{rel}","templated":true}]}}