{"id":312293,"date":"2024-11-29T13:55:28","date_gmt":"2024-11-29T10:55:28","guid":{"rendered":"https:\/\/sana.sy\/tr\/?p=312293"},"modified":"2024-11-29T13:57:02","modified_gmt":"2024-11-29T10:57:02","slug":"rus-hava-savunmasi-47-ukrayna-ihasini-imha-etti","status":"publish","type":"post","link":"https:\/\/archive.sana.sy\/tr\/?p=312293","title":{"rendered":"Rus Hava Savunmas\u0131 47 Ukrayna \u0130HA\u2019s\u0131n\u0131 \u0130mha Etti"},"content":{"rendered":"<p style=\"text-align: justify;\"><span style=\"color: #800000;\"><strong>MOSKOVA (SANA)<\/strong><\/span> &#8211; \u00a0Rusya Savunma Bakanl\u0131\u011f\u0131, d\u00fcn ak\u015fam saatlerinde Rusya topraklar\u0131 \u00fczerinde 47 Ukrayna \u0130HA&#8217;s\u0131n\u0131n d\u00fc\u015f\u00fcr\u00fclerek imha edildi\u011fini duyurdu.<\/p>\n<p style=\"text-align: justify;\">Sputnik, bakanl\u0131\u011f\u0131n bug\u00fcn yapt\u0131\u011f\u0131 a\u00e7\u0131klamada \u015funlar\u0131 s\u00f6yledi\u011fini aktard\u0131:<\/p>\n<ul>\n<li style=\"text-align: justify;\">D\u00fcn gece Kiev rejiminin Rusya&#8217;daki hedeflere insans\u0131z hava ara\u00e7lar\u0131yla ter\u00f6r sald\u0131r\u0131lar\u0131 d\u00fczenleme giri\u015fimi bo\u015fa \u00e7\u0131kt\u0131.<\/li>\n<li style=\"text-align: justify;\">G\u00f6revdeki hava savunma sistemleri, 29&#8217;u Rostov Oblast\u0131 topraklar\u0131nda ve 8&#8217;i Krasnodar Oblast\u0131 \u00fczerinde olmak \u00fczere 47 Ukrayna \u0130HA&#8217;s\u0131n\u0131 imha etti.<\/li>\n<li style=\"text-align: justify;\">Hava savunma sistemleri ayr\u0131ca Belgorod \u00fczerinde Bryansk ve Voronej vilayetlerinde ayn\u0131 olmak \u00fczere 3, K\u0131r\u0131m Cumhuriyeti topraklar\u0131nda da birer \u0130HA imha etti.<\/li>\n<\/ul>\n<p style=\"text-align: center;\"><strong><a href=\"https:\/\/t.me\/SuriyeArapHaberAjansI\">Telegram Kanal\u0131m\u0131z\u00a0<\/a><span style=\"color: #ff0000;\">||<\/span><a href=\"https:\/\/twitter.com\/arap_ajans\">X Platformumuz\u00a0<\/a><span style=\"color: #ff0000;\">||<\/span><a href=\"https:\/\/www.facebook.com\/SANAHaberAjansi\/\">Facebook Sayfam\u0131z<\/a><\/strong><\/p>\n","protected":false},"excerpt":{"rendered":"<p>MOSKOVA (SANA) &#8211; \u00a0Rusya Savunma Bakanl\u0131\u011f\u0131, d\u00fcn ak\u015fam saatlerinde Rusya topraklar\u0131 \u00fczerinde 47 Ukrayna \u0130HA&#8217;s\u0131n\u0131n d\u00fc\u015f\u00fcr\u00fclerek imha edildi\u011fini duyurdu. Sputnik, bakanl\u0131\u011f\u0131n bug\u00fcn yapt\u0131\u011f\u0131 a\u00e7\u0131klamada \u015funlar\u0131 s\u00f6yledi\u011fini aktard\u0131: D\u00fcn gece Kiev rejiminin Rusya&#8217;daki hedeflere insans\u0131z hava ara\u00e7lar\u0131yla ter\u00f6r sald\u0131r\u0131lar\u0131 d\u00fczenleme giri\u015fimi bo\u015fa \u00e7\u0131kt\u0131. G\u00f6revdeki hava savunma sistemleri, 29&#8217;u Rostov Oblast\u0131 topraklar\u0131nda ve 8&#8217;i Krasnodar Oblast\u0131 \u00fczerinde &hellip;<\/p>\n","protected":false},"author":41,"featured_media":312294,"comment_status":"closed","ping_status":"closed","sticky":false,"template":"","format":"standard","meta":{"footnotes":""},"categories":[458,589,459,17988],"tags":[42966],"class_list":["post-312293","post","type-post","status-publish","format-standard","has-post-thumbnail","","category-dunya1","category-haber-seridi","category-haberler-arap-uluslararasi-politika","category-son-haberler","tag-rus-hava-savunmasi-47-ukrayna-ihasini-imha-etti"],"_links":{"self":[{"href":"https:\/\/archive.sana.sy\/tr\/index.php?rest_route=\/wp\/v2\/posts\/312293","targetHints":{"allow":["GET"]}}],"collection":[{"href":"https:\/\/archive.sana.sy\/tr\/index.php?rest_route=\/wp\/v2\/posts"}],"about":[{"href":"https:\/\/archive.sana.sy\/tr\/index.php?rest_route=\/wp\/v2\/types\/post"}],"author":[{"embeddable":true,"href":"https:\/\/archive.sana.sy\/tr\/index.php?rest_route=\/wp\/v2\/users\/41"}],"replies":[{"embeddable":true,"href":"https:\/\/archive.sana.sy\/tr\/index.php?rest_route=%2Fwp%2Fv2%2Fcomments&post=312293"}],"version-history":[{"count":3,"href":"https:\/\/archive.sana.sy\/tr\/index.php?rest_route=\/wp\/v2\/posts\/312293\/revisions"}],"predecessor-version":[{"id":312297,"href":"https:\/\/archive.sana.sy\/tr\/index.php?rest_route=\/wp\/v2\/posts\/312293\/revisions\/312297"}],"wp:featuredmedia":[{"embeddable":true,"href":"https:\/\/archive.sana.sy\/tr\/index.php?rest_route=\/wp\/v2\/media\/312294"}],"wp:attachment":[{"href":"https:\/\/archive.sana.sy\/tr\/index.php?rest_route=%2Fwp%2Fv2%2Fmedia&parent=312293"}],"wp:term":[{"taxonomy":"category","embeddable":true,"href":"https:\/\/archive.sana.sy\/tr\/index.php?rest_route=%2Fwp%2Fv2%2Fcategories&post=312293"},{"taxonomy":"post_tag","embeddable":true,"href":"https:\/\/archive.sana.sy\/tr\/index.php?rest_route=%2Fwp%2Fv2%2Ftags&post=312293"}],"curies":[{"name":"wp","href":"https:\/\/api.w.org\/{rel}","templated":true}]}}