{"id":312301,"date":"2024-11-29T14:20:24","date_gmt":"2024-11-29T11:20:24","guid":{"rendered":"https:\/\/sana.sy\/tr\/?p=312301"},"modified":"2024-11-29T14:48:21","modified_gmt":"2024-11-29T11:48:21","slug":"saldirganligin-420-gununde-gazze-seridinde-devam-eden-isgal-bombardimaninda-onlarca-sehit-ve-yarali","status":"publish","type":"post","link":"https:\/\/archive.sana.sy\/tr\/?p=312301","title":{"rendered":"Sald\u0131rganl\u0131\u011f\u0131n 420. G\u00fcn\u00fcnde&#8230; Gazze \u015eeridi&#8217;nde Devam Eden \u0130\u015fgal Bombard\u0131man\u0131nda Onlarca \u015eehit Ve Yaral\u0131"},"content":{"rendered":"<p style=\"text-align: justify;\"><strong><span style=\"color: #800000;\">\u0130\u015eGAL ED\u0130LEN KUD\u00dcS (SANA)<\/span> &#8211;<\/strong> \u0130srail&#8217;in Gazze \u015eeridi&#8217;ne y\u00f6nelik sald\u0131rganl\u0131\u011f\u0131n\u0131n 420&#8217;nci g\u00fcn\u00fcnde de devam etmesi sonucu bu sabah onlarca Filistinli \u015fehit oldu ve yaraland\u0131.<\/p>\n<p style=\"text-align: justify;\">Filistin Wafa Ajans\u0131, i\u015fgal u\u00e7aklar\u0131n\u0131n Gazze \u015eeridi&#8217;nin merkezindeki Nuseyrat kamp\u0131ndaki bir evi bombalamas\u0131 sonucu 5 Filistinlinin \u00f6ld\u00fc\u011f\u00fcn\u00fc, di\u011ferlerinin de yaraland\u0131\u011f\u0131n\u0131 bildirdi. Ambulans ve kurtarma ekipleri ayr\u0131ca kamp\u0131n kuzeyinde i\u015fgal taraf\u0131ndan bombalanan evlerin enkaz\u0131 alt\u0131ndan 19 \u015fehidin naa\u015f\u0131n\u0131 \u00e7\u0131kard\u0131.<\/p>\n<p style=\"text-align: justify;\">Gazze \u015fehrinin g\u00fcneybat\u0131s\u0131ndaki Tel el-Hava mahallesinde i\u015fgal u\u00e7aklar\u0131 bir grup Filistinliyi bombalayarak 4 Filistinliyi \u015fehit etti, 4&#8217;\u00fcn\u00fc de yaralad\u0131.<\/p>\n<p style=\"text-align: center;\"><strong><a href=\"https:\/\/t.me\/SuriyeArapHaberAjansI\">Telegram Kanal\u0131m\u0131z\u00a0<\/a><span style=\"color: #ff0000;\">||<\/span><a href=\"https:\/\/twitter.com\/arap_ajans\">X Platformumuz<span style=\"color: #ff0000;\">\u00a0<\/span><\/a><span style=\"color: #ff0000;\">||<\/span><a href=\"https:\/\/www.facebook.com\/SANAHaberAjansi\/\">Facebook Sayfam\u0131z<\/a><\/strong><\/p>\n","protected":false},"excerpt":{"rendered":"<p>\u0130\u015eGAL ED\u0130LEN KUD\u00dcS (SANA) &#8211; \u0130srail&#8217;in Gazze \u015eeridi&#8217;ne y\u00f6nelik sald\u0131rganl\u0131\u011f\u0131n\u0131n 420&#8217;nci g\u00fcn\u00fcnde de devam etmesi sonucu bu sabah onlarca Filistinli \u015fehit oldu ve yaraland\u0131. Filistin Wafa Ajans\u0131, i\u015fgal u\u00e7aklar\u0131n\u0131n Gazze \u015eeridi&#8217;nin merkezindeki Nuseyrat kamp\u0131ndaki bir evi bombalamas\u0131 sonucu 5 Filistinlinin \u00f6ld\u00fc\u011f\u00fcn\u00fc, di\u011ferlerinin de yaraland\u0131\u011f\u0131n\u0131 bildirdi. Ambulans ve kurtarma ekipleri ayr\u0131ca kamp\u0131n kuzeyinde i\u015fgal taraf\u0131ndan bombalanan &hellip;<\/p>\n","protected":false},"author":41,"featured_media":312302,"comment_status":"closed","ping_status":"closed","sticky":false,"template":"","format":"standard","meta":{"footnotes":""},"categories":[458,589,459,17988],"tags":[42970],"class_list":["post-312301","post","type-post","status-publish","format-standard","has-post-thumbnail","","category-dunya1","category-haber-seridi","category-haberler-arap-uluslararasi-politika","category-son-haberler","tag-saldirganligin-420-gununde-gazze-seridinde-devam-eden-isgal-bombardimaninda-onlarca-sehit-ve-yarali"],"_links":{"self":[{"href":"https:\/\/archive.sana.sy\/tr\/index.php?rest_route=\/wp\/v2\/posts\/312301","targetHints":{"allow":["GET"]}}],"collection":[{"href":"https:\/\/archive.sana.sy\/tr\/index.php?rest_route=\/wp\/v2\/posts"}],"about":[{"href":"https:\/\/archive.sana.sy\/tr\/index.php?rest_route=\/wp\/v2\/types\/post"}],"author":[{"embeddable":true,"href":"https:\/\/archive.sana.sy\/tr\/index.php?rest_route=\/wp\/v2\/users\/41"}],"replies":[{"embeddable":true,"href":"https:\/\/archive.sana.sy\/tr\/index.php?rest_route=%2Fwp%2Fv2%2Fcomments&post=312301"}],"version-history":[{"count":1,"href":"https:\/\/archive.sana.sy\/tr\/index.php?rest_route=\/wp\/v2\/posts\/312301\/revisions"}],"predecessor-version":[{"id":312303,"href":"https:\/\/archive.sana.sy\/tr\/index.php?rest_route=\/wp\/v2\/posts\/312301\/revisions\/312303"}],"wp:featuredmedia":[{"embeddable":true,"href":"https:\/\/archive.sana.sy\/tr\/index.php?rest_route=\/wp\/v2\/media\/312302"}],"wp:attachment":[{"href":"https:\/\/archive.sana.sy\/tr\/index.php?rest_route=%2Fwp%2Fv2%2Fmedia&parent=312301"}],"wp:term":[{"taxonomy":"category","embeddable":true,"href":"https:\/\/archive.sana.sy\/tr\/index.php?rest_route=%2Fwp%2Fv2%2Fcategories&post=312301"},{"taxonomy":"post_tag","embeddable":true,"href":"https:\/\/archive.sana.sy\/tr\/index.php?rest_route=%2Fwp%2Fv2%2Ftags&post=312301"}],"curies":[{"name":"wp","href":"https:\/\/api.w.org\/{rel}","templated":true}]}}