{"id":312308,"date":"2024-11-29T17:25:14","date_gmt":"2024-11-29T14:25:14","guid":{"rendered":"https:\/\/sana.sy\/tr\/?p=312308"},"modified":"2024-11-30T13:42:25","modified_gmt":"2024-11-30T10:42:25","slug":"silahli-kuvvetlerimiz-halep-ve-idlib-kirsalinda-teror-orgutlerinin-saldirilarina-karsi-koyarak-agir-kayiplara-ugratmaya-devam-ediyor","status":"publish","type":"post","link":"https:\/\/archive.sana.sy\/tr\/?p=312308","title":{"rendered":"Silahl\u0131 Kuvvetlerimiz Halep Ve \u0130dlib K\u0131rsal\u0131nda Ter\u00f6r \u00d6rg\u00fctlerinin Sald\u0131r\u0131lar\u0131na Kar\u015f\u0131 Koyarak, A\u011f\u0131r Kay\u0131plara U\u011fratmaya Devam Ediyor"},"content":{"rendered":"<p style=\"text-align: justify;\"><strong>\u015eAM (SANA)<\/strong> \u2013\u00a0 Halep ve \u0130dlib k\u0131rsal\u0131nda cephelerde faaliyet g\u00f6steren silahl\u0131 kuvvetlerimiz, sald\u0131r\u0131lar\u0131nda insans\u0131z hava ara\u00e7lar\u0131n\u0131n yan\u0131 s\u0131ra \u00e7e\u015fitli t\u00fcrde a\u011f\u0131r ve orta silahlar\u0131 kullanan ve b\u00fcy\u00fck yabanc\u0131 ter\u00f6rist militan gruplar\u0131na dayanan s\u00f6zde \u201cEl Nusra Ter\u00f6rist Cephesi\u201dne ba\u011fl\u0131 silahl\u0131 ter\u00f6r \u00f6rg\u00fctlerinin ger\u00e7ekle\u015ftirdi\u011fi b\u00fcy\u00fck sald\u0131r\u0131yla kar\u015f\u0131 koymaya devam ediyor.<\/p>\n<p style=\"text-align: justify;\">Kara ve Silahl\u0131 Kuvvetler Genel Komutanl\u0131\u011f\u0131 bug\u00fcn yapt\u0131\u011f\u0131 a\u00e7\u0131klamada \u015funlar\u0131 s\u00f6yledi: &#8220;Silahl\u0131 kuvvetlerimiz, sald\u0131ran \u00f6rg\u00fctleri a\u011f\u0131r kay\u0131plara u\u011fratarak, kendi saflar\u0131nda y\u00fczlerce ter\u00f6ristin \u00f6l\u00fcm\u00fcne ve yaralanmas\u0131na neden oldu, onlarca z\u0131rhl\u0131 araba ve arac\u0131n\u0131 imha etti ve 17 \u0130HA&#8217;s\u0131n\u0131 vurup d\u00fc\u015f\u00fcrmeyi ba\u015fard\u0131.&#8221;<\/p>\n<p style=\"text-align: justify;\">Genel Komutanl\u0131k a\u00e7\u0131klamas\u0131nda ayr\u0131ca,\u00a0 \u201cSilahl\u0131 kuvvetlerimiz, \u00e7e\u015fitli angajman eksenlerindeki t\u00fcm noktalar\u0131, bu eksenlerdeki ter\u00f6r ihlallerini \u00f6nlemek ve sald\u0131r\u0131lar\u0131n\u0131 p\u00fcsk\u00fcrtmek amac\u0131yla te\u00e7hizat ve askerle g\u00fc\u00e7lendirmeye devam ediyor. Son saatlerde ihlallere sahne olan baz\u0131 noktalar\u0131 yeniden kontrol alt\u0131na almay\u0131 ba\u015fard\u0131, geri p\u00fcsk\u00fcrt\u00fclene kadar muharebe operasyonlar\u0131na devam edecek&#8221; ifadelerini kulland\u0131.<\/p>\n<p style=\"text-align: justify;\">Genel Komutanl\u0131k s\u00f6zlerini \u015f\u00f6yle tamamlad\u0131: \u201cTer\u00f6r \u00f6rg\u00fctleri, platformlar\u0131 arac\u0131l\u0131\u011f\u0131yla vatanda\u015flar\u0131 ter\u00f6rize etmeye y\u00f6nelik yan\u0131lt\u0131c\u0131 bilgi, haber ve videolar yay\u0131nl\u0131yor. Burada Kara ve Silahl\u0131 Kuvvetler Genel Komutanl\u0131\u011f\u0131, vatanda\u015flar\u0131m\u0131za bu haber ve yanl\u0131\u015f bilgilere itibar etmemelerini, ulusal medya ve resmi platformlarda yay\u0131nlananlar\u0131 almalar\u0131n\u0131 tavsiye ediyor.&#8221;<\/p>\n<p style=\"text-align: center;\"><strong><a href=\"https:\/\/t.me\/SuriyeArapHaberAjansI\">Telegram Kanal\u0131m\u0131z\u00a0<\/a>||<a href=\"https:\/\/twitter.com\/arap_ajans\">X Platformumuz\u00a0<\/a>||<a href=\"https:\/\/www.facebook.com\/SANAHaberAjansi\/\">Facebook Sayfam\u0131z<\/a><\/strong><\/p>\n","protected":false},"excerpt":{"rendered":"<p>\u015eAM (SANA) \u2013\u00a0 Halep ve \u0130dlib k\u0131rsal\u0131nda cephelerde faaliyet g\u00f6steren silahl\u0131 kuvvetlerimiz, sald\u0131r\u0131lar\u0131nda insans\u0131z hava ara\u00e7lar\u0131n\u0131n yan\u0131 s\u0131ra \u00e7e\u015fitli t\u00fcrde a\u011f\u0131r ve orta silahlar\u0131 kullanan ve b\u00fcy\u00fck yabanc\u0131 ter\u00f6rist militan gruplar\u0131na dayanan s\u00f6zde \u201cEl Nusra Ter\u00f6rist Cephesi\u201dne ba\u011fl\u0131 silahl\u0131 ter\u00f6r \u00f6rg\u00fctlerinin ger\u00e7ekle\u015ftirdi\u011fi b\u00fcy\u00fck sald\u0131r\u0131yla kar\u015f\u0131 koymaya devam ediyor. Kara ve Silahl\u0131 Kuvvetler Genel Komutanl\u0131\u011f\u0131 bug\u00fcn &hellip;<\/p>\n","protected":false},"author":41,"featured_media":312309,"comment_status":"closed","ping_status":"closed","sticky":false,"template":"","format":"standard","meta":{"footnotes":""},"categories":[589,479,575,17988,478],"tags":[],"class_list":["post-312308","post","type-post","status-publish","format-standard","has-post-thumbnail","","category-haber-seridi","category-haberler-yerel","category-olaylar-ve-gercekler","category-son-haberler","category-yerel"],"_links":{"self":[{"href":"https:\/\/archive.sana.sy\/tr\/index.php?rest_route=\/wp\/v2\/posts\/312308","targetHints":{"allow":["GET"]}}],"collection":[{"href":"https:\/\/archive.sana.sy\/tr\/index.php?rest_route=\/wp\/v2\/posts"}],"about":[{"href":"https:\/\/archive.sana.sy\/tr\/index.php?rest_route=\/wp\/v2\/types\/post"}],"author":[{"embeddable":true,"href":"https:\/\/archive.sana.sy\/tr\/index.php?rest_route=\/wp\/v2\/users\/41"}],"replies":[{"embeddable":true,"href":"https:\/\/archive.sana.sy\/tr\/index.php?rest_route=%2Fwp%2Fv2%2Fcomments&post=312308"}],"version-history":[{"count":1,"href":"https:\/\/archive.sana.sy\/tr\/index.php?rest_route=\/wp\/v2\/posts\/312308\/revisions"}],"predecessor-version":[{"id":312310,"href":"https:\/\/archive.sana.sy\/tr\/index.php?rest_route=\/wp\/v2\/posts\/312308\/revisions\/312310"}],"wp:featuredmedia":[{"embeddable":true,"href":"https:\/\/archive.sana.sy\/tr\/index.php?rest_route=\/wp\/v2\/media\/312309"}],"wp:attachment":[{"href":"https:\/\/archive.sana.sy\/tr\/index.php?rest_route=%2Fwp%2Fv2%2Fmedia&parent=312308"}],"wp:term":[{"taxonomy":"category","embeddable":true,"href":"https:\/\/archive.sana.sy\/tr\/index.php?rest_route=%2Fwp%2Fv2%2Fcategories&post=312308"},{"taxonomy":"post_tag","embeddable":true,"href":"https:\/\/archive.sana.sy\/tr\/index.php?rest_route=%2Fwp%2Fv2%2Ftags&post=312308"}],"curies":[{"name":"wp","href":"https:\/\/api.w.org\/{rel}","templated":true}]}}