{"id":312314,"date":"2024-11-29T19:42:55","date_gmt":"2024-11-29T16:42:55","guid":{"rendered":"https:\/\/sana.sy\/tr\/?p=312314"},"modified":"2024-11-29T19:42:55","modified_gmt":"2024-11-29T16:42:55","slug":"kalibaf-halep-ve-idlib-kirsalindaki-teror-saldirisi-amerikan-siyonist-planlarinin-bir-parcasi","status":"publish","type":"post","link":"https:\/\/archive.sana.sy\/tr\/?p=312314","title":{"rendered":"Kalibaf: Halep Ve \u0130dlib K\u0131rsal\u0131ndaki Ter\u00f6r Sald\u0131r\u0131s\u0131 Amerikan-Siyonist Planlar\u0131n\u0131n Bir Par\u00e7as\u0131"},"content":{"rendered":"<p style=\"text-align: justify;\"><strong>TAHRAN (SANA) &#8211;<\/strong> \u0130ran \u0130slami \u015eura Konseyi Ba\u015fkan\u0131 Muhammed Baker Kalibaf, ter\u00f6r \u00f6rg\u00fctlerinin Halep ve \u0130dlib k\u0131rsal\u0131nda ba\u015flatt\u0131\u011f\u0131 sald\u0131r\u0131n\u0131n Amerika&#8217;n\u0131n ve yasad\u0131\u015f\u0131 Siyonist olu\u015fumun planlar\u0131n\u0131n bir par\u00e7as\u0131 oldu\u011funu do\u011frulad\u0131.<br \/>\nKalibaf, bug\u00fcn X platformunda yapt\u0131\u011f\u0131 a\u00e7\u0131klamada \u015funlar\u0131 s\u00f6yledi: &#8220;Tekfirci ter\u00f6r gruplar\u0131n\u0131n yeni hareketleri Amerikan plan\u0131n\u0131n bir par\u00e7as\u0131d\u0131r ve Suriye&#8217;nin kom\u015fular\u0131 uyan\u0131k olmal\u0131 ve onlar\u0131n planlar\u0131n\u0131n tuza\u011f\u0131na d\u00fc\u015fmemelidir.&#8221;<br \/>\nKalibaf \u015funlar\u0131 ekledi: &#8220;\u0130ran \u0130slam Cumhuriyeti ve direni\u015f ekseni, yeni komploya kar\u015f\u0131 Suriye h\u00fck\u00fcmetini ve Suriye halk\u0131n\u0131 destekleyecektir.&#8221;<\/p>\n<p style=\"text-align: center;\"><strong><a href=\"https:\/\/t.me\/SuriyeArapHaberAjansI\">Telegram Kanal\u0131m\u0131z\u00a0<\/a>||<a href=\"https:\/\/twitter.com\/arap_ajans\">X Platformumuz\u00a0<\/a>||<a href=\"https:\/\/www.facebook.com\/SANAHaberAjansi\/\">Facebook Sayfam\u0131z<\/a><\/strong><\/p>\n","protected":false},"excerpt":{"rendered":"<p>TAHRAN (SANA) &#8211; \u0130ran \u0130slami \u015eura Konseyi Ba\u015fkan\u0131 Muhammed Baker Kalibaf, ter\u00f6r \u00f6rg\u00fctlerinin Halep ve \u0130dlib k\u0131rsal\u0131nda ba\u015flatt\u0131\u011f\u0131 sald\u0131r\u0131n\u0131n Amerika&#8217;n\u0131n ve yasad\u0131\u015f\u0131 Siyonist olu\u015fumun planlar\u0131n\u0131n bir par\u00e7as\u0131 oldu\u011funu do\u011frulad\u0131. Kalibaf, bug\u00fcn X platformunda yapt\u0131\u011f\u0131 a\u00e7\u0131klamada \u015funlar\u0131 s\u00f6yledi: &#8220;Tekfirci ter\u00f6r gruplar\u0131n\u0131n yeni hareketleri Amerikan plan\u0131n\u0131n bir par\u00e7as\u0131d\u0131r ve Suriye&#8217;nin kom\u015fular\u0131 uyan\u0131k olmal\u0131 ve onlar\u0131n planlar\u0131n\u0131n tuza\u011f\u0131na &hellip;<\/p>\n","protected":false},"author":41,"featured_media":312319,"comment_status":"closed","ping_status":"closed","sticky":false,"template":"","format":"standard","meta":{"footnotes":""},"categories":[458,589,459,17988,2554],"tags":[],"class_list":["post-312314","post","type-post","status-publish","format-standard","has-post-thumbnail","","category-dunya1","category-haber-seridi","category-haberler-arap-uluslararasi-politika","category-son-haberler","category-suriye-ve-dunya"],"_links":{"self":[{"href":"https:\/\/archive.sana.sy\/tr\/index.php?rest_route=\/wp\/v2\/posts\/312314","targetHints":{"allow":["GET"]}}],"collection":[{"href":"https:\/\/archive.sana.sy\/tr\/index.php?rest_route=\/wp\/v2\/posts"}],"about":[{"href":"https:\/\/archive.sana.sy\/tr\/index.php?rest_route=\/wp\/v2\/types\/post"}],"author":[{"embeddable":true,"href":"https:\/\/archive.sana.sy\/tr\/index.php?rest_route=\/wp\/v2\/users\/41"}],"replies":[{"embeddable":true,"href":"https:\/\/archive.sana.sy\/tr\/index.php?rest_route=%2Fwp%2Fv2%2Fcomments&post=312314"}],"version-history":[{"count":1,"href":"https:\/\/archive.sana.sy\/tr\/index.php?rest_route=\/wp\/v2\/posts\/312314\/revisions"}],"predecessor-version":[{"id":312320,"href":"https:\/\/archive.sana.sy\/tr\/index.php?rest_route=\/wp\/v2\/posts\/312314\/revisions\/312320"}],"wp:featuredmedia":[{"embeddable":true,"href":"https:\/\/archive.sana.sy\/tr\/index.php?rest_route=\/wp\/v2\/media\/312319"}],"wp:attachment":[{"href":"https:\/\/archive.sana.sy\/tr\/index.php?rest_route=%2Fwp%2Fv2%2Fmedia&parent=312314"}],"wp:term":[{"taxonomy":"category","embeddable":true,"href":"https:\/\/archive.sana.sy\/tr\/index.php?rest_route=%2Fwp%2Fv2%2Fcategories&post=312314"},{"taxonomy":"post_tag","embeddable":true,"href":"https:\/\/archive.sana.sy\/tr\/index.php?rest_route=%2Fwp%2Fv2%2Ftags&post=312314"}],"curies":[{"name":"wp","href":"https:\/\/api.w.org\/{rel}","templated":true}]}}