{"id":312315,"date":"2024-11-29T19:35:55","date_gmt":"2024-11-29T16:35:55","guid":{"rendered":"https:\/\/sana.sy\/tr\/?p=312315"},"modified":"2024-11-30T17:05:45","modified_gmt":"2024-11-30T14:05:45","slug":"sabbag-telefonda-ibn-farhanla-bolgedeki-gelismeleri-ve-bunlarla-ilgili-yapilan-calismalari-gorustu","status":"publish","type":"post","link":"https:\/\/archive.sana.sy\/tr\/?p=312315","title":{"rendered":"Sabba\u011f, Telefonda Bin Ferhan&#8217;la B\u00f6lgedeki Geli\u015fmeleri Ve Bunlarla \u0130lgili Yap\u0131lan \u00c7al\u0131\u015fmalar\u0131 G\u00f6r\u00fc\u015ft\u00fc"},"content":{"rendered":"<p style=\"text-align: justify;\"><strong><span style=\"color: #800000;\">\u015eAM (SANA)<\/span> &#8211;<\/strong> D\u0131\u015fi\u015fleri ve Gurbet\u00e7iler Bakan\u0131 Bessam Sabba\u011f, Suudi mevkida\u015f\u0131 Prens Faysal bin Ferhan ile bug\u00fcn yapt\u0131\u011f\u0131 telefon g\u00f6r\u00fc\u015fmesinde b\u00f6lgedeki geli\u015fmeleri ve bu konuda yap\u0131lan \u00e7al\u0131\u015fmalar\u0131 g\u00f6r\u00fc\u015ft\u00fc.<\/p>\n<p style=\"text-align: justify;\">\u0130ki bakan, b\u00f6lgede g\u00fcvenlik ve istikrar\u0131n sa\u011flanmas\u0131na hizmet eden her konuda aralar\u0131ndaki ileti\u015fim ve koordinasyonun s\u00fcrd\u00fcr\u00fclmesi konusunda mutabakata vard\u0131.<\/p>\n<p style=\"text-align: center;\"><strong><a href=\"https:\/\/t.me\/SuriyeArapHaberAjansI\">Telegram Kanal\u0131m\u0131z\u00a0<\/a>||<a href=\"https:\/\/twitter.com\/arap_ajans\">X Platformumuz\u00a0<\/a>||<a href=\"https:\/\/www.facebook.com\/SANAHaberAjansi\/\">Facebook Sayfam\u0131z<\/a><\/strong><\/p>\n","protected":false},"excerpt":{"rendered":"<p>\u015eAM (SANA) &#8211; D\u0131\u015fi\u015fleri ve Gurbet\u00e7iler Bakan\u0131 Bessam Sabba\u011f, Suudi mevkida\u015f\u0131 Prens Faysal bin Ferhan ile bug\u00fcn yapt\u0131\u011f\u0131 telefon g\u00f6r\u00fc\u015fmesinde b\u00f6lgedeki geli\u015fmeleri ve bu konuda yap\u0131lan \u00e7al\u0131\u015fmalar\u0131 g\u00f6r\u00fc\u015ft\u00fc. \u0130ki bakan, b\u00f6lgede g\u00fcvenlik ve istikrar\u0131n sa\u011flanmas\u0131na hizmet eden her konuda aralar\u0131ndaki ileti\u015fim ve koordinasyonun s\u00fcrd\u00fcr\u00fclmesi konusunda mutabakata vard\u0131. Telegram Kanal\u0131m\u0131z\u00a0||X Platformumuz\u00a0||Facebook Sayfam\u0131z<\/p>\n","protected":false},"author":41,"featured_media":312316,"comment_status":"closed","ping_status":"closed","sticky":false,"template":"","format":"standard","meta":{"footnotes":""},"categories":[589,17988,2554],"tags":[],"class_list":["post-312315","post","type-post","status-publish","format-standard","has-post-thumbnail","","category-haber-seridi","category-son-haberler","category-suriye-ve-dunya"],"_links":{"self":[{"href":"https:\/\/archive.sana.sy\/tr\/index.php?rest_route=\/wp\/v2\/posts\/312315","targetHints":{"allow":["GET"]}}],"collection":[{"href":"https:\/\/archive.sana.sy\/tr\/index.php?rest_route=\/wp\/v2\/posts"}],"about":[{"href":"https:\/\/archive.sana.sy\/tr\/index.php?rest_route=\/wp\/v2\/types\/post"}],"author":[{"embeddable":true,"href":"https:\/\/archive.sana.sy\/tr\/index.php?rest_route=\/wp\/v2\/users\/41"}],"replies":[{"embeddable":true,"href":"https:\/\/archive.sana.sy\/tr\/index.php?rest_route=%2Fwp%2Fv2%2Fcomments&post=312315"}],"version-history":[{"count":2,"href":"https:\/\/archive.sana.sy\/tr\/index.php?rest_route=\/wp\/v2\/posts\/312315\/revisions"}],"predecessor-version":[{"id":312337,"href":"https:\/\/archive.sana.sy\/tr\/index.php?rest_route=\/wp\/v2\/posts\/312315\/revisions\/312337"}],"wp:featuredmedia":[{"embeddable":true,"href":"https:\/\/archive.sana.sy\/tr\/index.php?rest_route=\/wp\/v2\/media\/312316"}],"wp:attachment":[{"href":"https:\/\/archive.sana.sy\/tr\/index.php?rest_route=%2Fwp%2Fv2%2Fmedia&parent=312315"}],"wp:term":[{"taxonomy":"category","embeddable":true,"href":"https:\/\/archive.sana.sy\/tr\/index.php?rest_route=%2Fwp%2Fv2%2Fcategories&post=312315"},{"taxonomy":"post_tag","embeddable":true,"href":"https:\/\/archive.sana.sy\/tr\/index.php?rest_route=%2Fwp%2Fv2%2Ftags&post=312315"}],"curies":[{"name":"wp","href":"https:\/\/api.w.org\/{rel}","templated":true}]}}