{"id":312318,"date":"2024-11-29T20:12:37","date_gmt":"2024-11-29T17:12:37","guid":{"rendered":"https:\/\/sana.sy\/tr\/?p=312318"},"modified":"2024-11-29T20:12:37","modified_gmt":"2024-11-29T17:12:37","slug":"suriye-ve-hindistan-disisleri-bakanliklari-arasindaki-altinci-siyasi-istisare-oturumunda-iki-ulke-arasindaki-ikili-iliskiler-ve-bunlari-gelistirmenin-yollari-tartisildi","status":"publish","type":"post","link":"https:\/\/archive.sana.sy\/tr\/?p=312318","title":{"rendered":"Suriye Ve Hindistan D\u0131\u015fi\u015fleri Bakanl\u0131klar\u0131 Aras\u0131ndaki Alt\u0131nc\u0131 Siyasi \u0130sti\u015fare Oturumunda \u0130ki \u00dclke Aras\u0131ndaki \u0130kili \u0130li\u015fkiler Ve Bunlar\u0131 Geli\u015ftirmenin Yollar\u0131 Tart\u0131\u015f\u0131ld\u0131"},"content":{"rendered":"<p style=\"text-align: justify;\">YEN\u0130 DELH\u0130 (SANA) &#8211; Alt\u0131nc\u0131 siyasi isti\u015fare toplant\u0131s\u0131 bu sabah Yeni Delhi&#8217;de Suriye ve Hindistan D\u0131\u015fi\u015fleri Bakanl\u0131klar\u0131 aras\u0131nda ger\u00e7ekle\u015ftirildi.<\/p>\n<p style=\"text-align: justify;\">Toplant\u0131ya D\u0131\u015fi\u015fleri ve Gurbet\u00e7iler Bakan Yard\u0131mc\u0131s\u0131 B\u00fcy\u00fckel\u00e7i Ayman Raad ve Hindistan D\u0131\u015fi\u015fleri Bakanl\u0131\u011f\u0131 Ortak Sekreteri B\u00fcy\u00fckel\u00e7i Sure\u015f Kumar ba\u015fkanl\u0131k etti.<\/p>\n<p style=\"text-align: justify;\">\u0130sti\u015farelerde, iki \u00fclke aras\u0131ndaki ikili ili\u015fkiler ve bu ili\u015fkileri \u00f6zellikle siyasi, ekonomik, k\u00fclt\u00fcrel ve bilimsel alanlarda geli\u015ftirmenin yollar\u0131 ele al\u0131nd\u0131.<\/p>\n<p style=\"text-align: justify;\">\u0130ki taraf, ili\u015fkilerin g\u00fc\u00e7lendirilmesinin, ikili anla\u015fmalar\u0131n ve mutabakat anla\u015fmalar\u0131n\u0131n etkinle\u015ftirilmesinin ve i\u015fbirli\u011fi i\u00e7in yeni ufuklar a\u00e7\u0131lmas\u0131n\u0131n \u00f6nemine dikkat \u00e7ekti. Ayr\u0131ca uluslararas\u0131 forumlarda iki \u00fclke aras\u0131nda koordinasyonun gereklili\u011fini vurgulad\u0131.<img loading=\"lazy\" decoding=\"async\" class=\"size-full wp-image-312322 alignright\" src=\"http:\/\/sana.sy\/tr\/wp-content\/uploads\/2024\/11\/photo_2024-11-29_17-09-30-copy-300x183-1.jpg\" alt=\"\" width=\"300\" height=\"183\" \/><\/p>\n<p style=\"text-align: justify;\">B\u00fcy\u00fckel\u00e7i Kumar, Hindistan&#8217;\u0131n Suriye Arap Cumhuriyeti&#8217;nin egemenli\u011fine, birli\u011fine ve toprak b\u00fct\u00fcnl\u00fc\u011f\u00fcne sayg\u0131 g\u00f6sterme konusundaki kararl\u0131 tutumunu ve Hindistan&#8217;\u0131n Suriye ile ortakl\u0131\u011f\u0131 ilerletme konusundaki isteklili\u011fini ifade etti.<\/p>\n<p style=\"text-align: justify;\">Ayn\u0131 kapsamda D\u0131\u015fi\u015fleri ve Gurbet\u00e7iler Bakan Yard\u0131mc\u0131s\u0131, Hindistan D\u0131\u015fi\u015fleri Bakan\u0131 Pabitra Margarita ile de g\u00f6r\u00fc\u015ferek iki \u00fclke aras\u0131ndaki ili\u015fkilerin geli\u015ftirilmesi konusunu ele ald\u0131.<\/p>\n<p style=\"text-align: justify;\">Bakan Yard\u0131mc\u0131s\u0131, b\u00f6lgedeki son geli\u015fmeler, Filistin ve L\u00fcbnan&#8217;a y\u00f6nelik ac\u0131mas\u0131z \u0130srail sald\u0131rganl\u0131\u011f\u0131 ve ona denk gelen ter\u00f6rist El Nusra Cephesi liderli\u011findeki ter\u00f6rist gruplar\u0131n g\u00fcvenli kasaba ve k\u00f6yler ile Suriye Arap Ordusu&#8217;nun kuzey Suriye&#8217;deki noktalar\u0131na y\u00f6nelik ba\u015flatt\u0131\u011f\u0131 sald\u0131rganl\u0131klar hakk\u0131nda bir sunum yapt\u0131.<\/p>\n<p style=\"text-align: justify;\">D\u0131\u015fi\u015flerinden Sorumlu Devlet Bakan\u0131 ise, Hindistan&#8217;\u0131n tarihi dostu olarak g\u00f6rd\u00fc\u011f\u00fc Suriye&#8217;ye kar\u015f\u0131 Hindistan&#8217;\u0131n kararl\u0131 ve destekleyici tutumunu ve \u00e7e\u015fitli durumlarda onunla ili\u015fkilerin devam etti\u011fini ifade etti.<\/p>\n<p style=\"text-align: justify;\">Hindistan&#8217;\u0131n Suriye&#8217;ye deste\u011finin kapasite geli\u015ftirme, k\u00fclt\u00fcr, y\u00fcksek \u00f6\u011frenim, e\u011fitim programlar\u0131, insani yard\u0131m ve altyap\u0131 ba\u015fta olmak \u00fczere her alanda devam edece\u011fini s\u00f6zlerine ekledi.<\/p>\n<p style=\"text-align: center;\"><strong><a href=\"https:\/\/t.me\/SuriyeArapHaberAjansI\">Telegram Kanal\u0131m\u0131z\u00a0<\/a>||<a href=\"https:\/\/twitter.com\/arap_ajans\">X Platformumuz\u00a0<\/a>||<a href=\"https:\/\/www.facebook.com\/SANAHaberAjansi\/\">Facebook Sayfam\u0131z<\/a><\/strong><\/p>\n","protected":false},"excerpt":{"rendered":"<p>YEN\u0130 DELH\u0130 (SANA) &#8211; Alt\u0131nc\u0131 siyasi isti\u015fare toplant\u0131s\u0131 bu sabah Yeni Delhi&#8217;de Suriye ve Hindistan D\u0131\u015fi\u015fleri Bakanl\u0131klar\u0131 aras\u0131nda ger\u00e7ekle\u015ftirildi. Toplant\u0131ya D\u0131\u015fi\u015fleri ve Gurbet\u00e7iler Bakan Yard\u0131mc\u0131s\u0131 B\u00fcy\u00fckel\u00e7i Ayman Raad ve Hindistan D\u0131\u015fi\u015fleri Bakanl\u0131\u011f\u0131 Ortak Sekreteri B\u00fcy\u00fckel\u00e7i Sure\u015f Kumar ba\u015fkanl\u0131k etti. \u0130sti\u015farelerde, iki \u00fclke aras\u0131ndaki ikili ili\u015fkiler ve bu ili\u015fkileri \u00f6zellikle siyasi, ekonomik, k\u00fclt\u00fcrel ve bilimsel alanlarda &hellip;<\/p>\n","protected":false},"author":41,"featured_media":312321,"comment_status":"closed","ping_status":"closed","sticky":false,"template":"","format":"standard","meta":{"footnotes":""},"categories":[458,589,459,17988],"tags":[],"class_list":["post-312318","post","type-post","status-publish","format-standard","has-post-thumbnail","","category-dunya1","category-haber-seridi","category-haberler-arap-uluslararasi-politika","category-son-haberler"],"_links":{"self":[{"href":"https:\/\/archive.sana.sy\/tr\/index.php?rest_route=\/wp\/v2\/posts\/312318","targetHints":{"allow":["GET"]}}],"collection":[{"href":"https:\/\/archive.sana.sy\/tr\/index.php?rest_route=\/wp\/v2\/posts"}],"about":[{"href":"https:\/\/archive.sana.sy\/tr\/index.php?rest_route=\/wp\/v2\/types\/post"}],"author":[{"embeddable":true,"href":"https:\/\/archive.sana.sy\/tr\/index.php?rest_route=\/wp\/v2\/users\/41"}],"replies":[{"embeddable":true,"href":"https:\/\/archive.sana.sy\/tr\/index.php?rest_route=%2Fwp%2Fv2%2Fcomments&post=312318"}],"version-history":[{"count":1,"href":"https:\/\/archive.sana.sy\/tr\/index.php?rest_route=\/wp\/v2\/posts\/312318\/revisions"}],"predecessor-version":[{"id":312323,"href":"https:\/\/archive.sana.sy\/tr\/index.php?rest_route=\/wp\/v2\/posts\/312318\/revisions\/312323"}],"wp:featuredmedia":[{"embeddable":true,"href":"https:\/\/archive.sana.sy\/tr\/index.php?rest_route=\/wp\/v2\/media\/312321"}],"wp:attachment":[{"href":"https:\/\/archive.sana.sy\/tr\/index.php?rest_route=%2Fwp%2Fv2%2Fmedia&parent=312318"}],"wp:term":[{"taxonomy":"category","embeddable":true,"href":"https:\/\/archive.sana.sy\/tr\/index.php?rest_route=%2Fwp%2Fv2%2Fcategories&post=312318"},{"taxonomy":"post_tag","embeddable":true,"href":"https:\/\/archive.sana.sy\/tr\/index.php?rest_route=%2Fwp%2Fv2%2Ftags&post=312318"}],"curies":[{"name":"wp","href":"https:\/\/api.w.org\/{rel}","templated":true}]}}