{"id":312334,"date":"2024-11-30T13:41:23","date_gmt":"2024-11-30T10:41:23","guid":{"rendered":"https:\/\/sana.sy\/tr\/?p=312334"},"modified":"2024-12-01T11:00:45","modified_gmt":"2024-12-01T08:00:45","slug":"ordu-ve-silahli-kuvvetler-genel-komutanligindan-halep-ve-idlib-cephelerinde-silahli-orgutlerin-duzenledigi-teror-saldirisina-iliskin-aciklama","status":"publish","type":"post","link":"https:\/\/archive.sana.sy\/tr\/?p=312334","title":{"rendered":"Ordu Ve Silahl\u0131 Kuvvetler Genel Komutanl\u0131\u011f\u0131&#8217;ndan Halep Ve \u0130dlib Cephelerinde Silahl\u0131 \u00d6rg\u00fctlerin D\u00fczenledi\u011fi Ter\u00f6r Sald\u0131r\u0131s\u0131na \u0130li\u015fkin A\u00e7\u0131klama"},"content":{"rendered":"<p style=\"text-align: justify;\"><span style=\"color: #800000;\"><strong>\u015eAM (SANA)<\/strong><\/span> &#8211; Kara ve Silahl\u0131 Kuvvetler Genel Komutanl\u0131\u011f\u0131, silahl\u0131 ter\u00f6r \u00f6rg\u00fctlerinin Halep ve \u0130dlib cephelerinde ba\u015flatt\u0131\u011f\u0131 ter\u00f6r sald\u0131r\u0131s\u0131na kar\u015f\u0131 savunma hatlar\u0131n\u0131 g\u00fc\u00e7lendirmek amac\u0131yla silahl\u0131 kuvvetlerimizin yeniden konu\u015fland\u0131rma harek\u00e2t\u0131 ger\u00e7ekle\u015ftirmek \u00fczere \u00e7al\u0131\u015ft\u0131\u011f\u0131n\u0131 ve Halep \u015fehrinde halk\u0131m\u0131z\u0131n g\u00fcvenli\u011fini ve emniyetini sa\u011flamak i\u00e7in m\u00fcmk\u00fcn olan her yola ba\u015fvurdu\u011funu vurgulad\u0131.<\/p>\n<p style=\"text-align: justify;\">Kara ve Silahl\u0131 Kuvvetler Genel Komutanl\u0131\u011f\u0131&#8217;ndan bug\u00fcn yap\u0131lan a\u00e7\u0131klamada \u015fu ifadelere yer verildi: \u201cGe\u00e7ti\u011fimiz g\u00fcnlerde binlerce yabanc\u0131 ter\u00f6rist, a\u011f\u0131r silahlar ve \u00e7ok say\u0131da insans\u0131z hava arac\u0131yla desteklenen s\u00f6zde \u201cEl Nusra Cephesi\u201dne ba\u011fl\u0131 silahl\u0131 ter\u00f6r \u00f6rg\u00fctleri, Halep ve \u0130dlib cephelerinde \u00e7ok eksenli b\u00fcy\u00fck bir sald\u0131r\u0131 ba\u015flatt\u0131. Silahl\u0131 kuvvetlerimiz, onlar\u0131n ilerleyi\u015fini durdurmak i\u00e7in 100 km&#8217;yi a\u015fk\u0131n bir \u015ferit boyunca uzanan \u00e7e\u015fitli angajman noktalar\u0131nda \u015fiddetli \u00e7at\u0131\u015fmalara giri\u015fti. \u00c7at\u0131\u015fmalarda silahl\u0131 kuvvetlerimizden onlarca asker \u015fehit oldu, \u00e7ok say\u0131da asker de yaraland\u0131.\u2019\u2019<\/p>\n<p style=\"text-align: justify;\">\u00c7ok say\u0131da ter\u00f6rist ve \u00e7ok say\u0131da angajman cephesi, silahl\u0131 kuvvetlerimizi, sald\u0131r\u0131y\u0131 absorbe etmek, sivillerin ve askerlerin hayatlar\u0131n\u0131 korumak ve kar\u015f\u0131 sald\u0131r\u0131ya haz\u0131rlanmak amac\u0131yla savunma hatlar\u0131n\u0131 g\u00fc\u00e7lendirmeyi ama\u00e7layan bir yeniden konu\u015fland\u0131rma operasyonu uygulamaya sevk etti.<\/p>\n<p style=\"text-align: justify;\">Ter\u00f6ristlerin kuzey s\u0131n\u0131r\u0131 boyunca ak\u0131\u015f\u0131n\u0131n devam etmesi ve onlara y\u00f6nelik askeri ve teknik deste\u011fin yo\u011funla\u015fmas\u0131 ile birlikte ge\u00e7ti\u011fimiz saatlerde silahl\u0131 kuvvetlerimizin yo\u011fun ve g\u00fc\u00e7l\u00fc sald\u0131r\u0131lar\u0131n\u0131 s\u00fcrd\u00fcrmesi nedeniyle ter\u00f6r \u00f6rg\u00fctleri Halep&#8217;te yo\u011funla\u015fma noktalar\u0131n\u0131 olu\u015fturamadan mahallelerin b\u00fcy\u00fck bir k\u0131sm\u0131na girebildi.<\/p>\n<p style=\"text-align: justify;\">Ordu ve Silahl\u0131 Kuvvetler Genel Komutanl\u0131\u011f\u0131, ald\u0131\u011f\u0131 bu tedbirin ge\u00e7ici bir tedbir oldu\u011funu ve Halep kentindeki halk\u0131m\u0131z\u0131n emniyet ve g\u00fcvenli\u011fini sa\u011flamak i\u00e7in m\u00fcmk\u00fcn olan her yola ba\u015fvuraca\u011f\u0131n\u0131 ve ter\u00f6r \u00f6rg\u00fctleriyle m\u00fccadelede, bu \u00f6rg\u00fctlerin kovulmas\u0131 ve t\u00fcm \u015fehirde ve k\u0131rsal kesimde devlet kontrol\u00fcn\u00fcn ve kurumlar\u0131n\u0131n yeniden tesis edilmesi y\u00f6n\u00fcndeki ulusal g\u00f6revini yerine getirerek faaliyetlerine devam edece\u011fini vurgulamaktad\u0131r.&#8221;<\/p>\n<p style=\"text-align: center;\"><strong><a href=\"https:\/\/t.me\/SuriyeArapHaberAjansI\">Telegram Kanal\u0131m\u0131z\u00a0<\/a><span style=\"color: #ff0000;\">||<\/span><a href=\"https:\/\/twitter.com\/arap_ajans\">X Platformumuz\u00a0<\/a><span style=\"color: #ff0000;\">||<\/span><a href=\"https:\/\/www.facebook.com\/SANAHaberAjansi\/\">Facebook Sayfam\u0131z<\/a><\/strong><\/p>\n","protected":false},"excerpt":{"rendered":"<p>\u015eAM (SANA) &#8211; Kara ve Silahl\u0131 Kuvvetler Genel Komutanl\u0131\u011f\u0131, silahl\u0131 ter\u00f6r \u00f6rg\u00fctlerinin Halep ve \u0130dlib cephelerinde ba\u015flatt\u0131\u011f\u0131 ter\u00f6r sald\u0131r\u0131s\u0131na kar\u015f\u0131 savunma hatlar\u0131n\u0131 g\u00fc\u00e7lendirmek amac\u0131yla silahl\u0131 kuvvetlerimizin yeniden konu\u015fland\u0131rma harek\u00e2t\u0131 ger\u00e7ekle\u015ftirmek \u00fczere \u00e7al\u0131\u015ft\u0131\u011f\u0131n\u0131 ve Halep \u015fehrinde halk\u0131m\u0131z\u0131n g\u00fcvenli\u011fini ve emniyetini sa\u011flamak i\u00e7in m\u00fcmk\u00fcn olan her yola ba\u015fvurdu\u011funu vurgulad\u0131. Kara ve Silahl\u0131 Kuvvetler Genel Komutanl\u0131\u011f\u0131&#8217;ndan bug\u00fcn yap\u0131lan &hellip;<\/p>\n","protected":false},"author":44,"featured_media":312309,"comment_status":"closed","ping_status":"closed","sticky":false,"template":"","format":"standard","meta":{"footnotes":""},"categories":[479,575,17988,478],"tags":[3464,42975,21585,42976,38380,38641,28627],"class_list":["post-312334","post","type-post","status-publish","format-standard","has-post-thumbnail","","category-haberler-yerel","category-olaylar-ve-gercekler","category-son-haberler","category-yerel","tag-nusra-cephesi","tag-halep-ve-idlipte-son-durumu","tag-halepte-son-durum","tag-hts","tag-suriyede-ne-oluyor","tag-suriyede-son-gelimeler","tag-teror-orgutu"],"_links":{"self":[{"href":"https:\/\/archive.sana.sy\/tr\/index.php?rest_route=\/wp\/v2\/posts\/312334","targetHints":{"allow":["GET"]}}],"collection":[{"href":"https:\/\/archive.sana.sy\/tr\/index.php?rest_route=\/wp\/v2\/posts"}],"about":[{"href":"https:\/\/archive.sana.sy\/tr\/index.php?rest_route=\/wp\/v2\/types\/post"}],"author":[{"embeddable":true,"href":"https:\/\/archive.sana.sy\/tr\/index.php?rest_route=\/wp\/v2\/users\/44"}],"replies":[{"embeddable":true,"href":"https:\/\/archive.sana.sy\/tr\/index.php?rest_route=%2Fwp%2Fv2%2Fcomments&post=312334"}],"version-history":[{"count":1,"href":"https:\/\/archive.sana.sy\/tr\/index.php?rest_route=\/wp\/v2\/posts\/312334\/revisions"}],"predecessor-version":[{"id":312335,"href":"https:\/\/archive.sana.sy\/tr\/index.php?rest_route=\/wp\/v2\/posts\/312334\/revisions\/312335"}],"wp:featuredmedia":[{"embeddable":true,"href":"https:\/\/archive.sana.sy\/tr\/index.php?rest_route=\/wp\/v2\/media\/312309"}],"wp:attachment":[{"href":"https:\/\/archive.sana.sy\/tr\/index.php?rest_route=%2Fwp%2Fv2%2Fmedia&parent=312334"}],"wp:term":[{"taxonomy":"category","embeddable":true,"href":"https:\/\/archive.sana.sy\/tr\/index.php?rest_route=%2Fwp%2Fv2%2Fcategories&post=312334"},{"taxonomy":"post_tag","embeddable":true,"href":"https:\/\/archive.sana.sy\/tr\/index.php?rest_route=%2Fwp%2Fv2%2Ftags&post=312334"}],"curies":[{"name":"wp","href":"https:\/\/api.w.org\/{rel}","templated":true}]}}