{"id":312362,"date":"2024-11-30T19:47:06","date_gmt":"2024-11-30T16:47:06","guid":{"rendered":"https:\/\/sana.sy\/tr\/?p=312362"},"modified":"2024-11-30T19:48:16","modified_gmt":"2024-11-30T16:48:16","slug":"askeri-kaynak-silahli-birliklerimiz-hama-valiliginin-kuzey-ve-dogu-kirsalindaki-mevzilerinde-konuslanmis-olup-her-turlu-teror-saldirisini-puskurtmeye-hazirdir","status":"publish","type":"post","link":"https:\/\/archive.sana.sy\/tr\/?p=312362","title":{"rendered":"Askeri Kaynak: Silahl\u0131 Birliklerimiz Hama Valili\u011fi&#8217;nin Kuzey Ve Do\u011fu K\u0131rsal\u0131ndaki Mevzilerinde Konu\u015flanm\u0131\u015f olup, Her T\u00fcrl\u00fc Ter\u00f6r Sald\u0131r\u0131s\u0131n\u0131 P\u00fcsk\u00fcrtmeye Haz\u0131rd\u0131r"},"content":{"rendered":"<p style=\"text-align: justify;\"><span style=\"color: #800000;\"><strong>\u015eAM (SANA)<\/strong> &#8211;<\/span> Silahl\u0131 kuvvet birimlerimizin Hama Valili\u011fi&#8217;nin kuzey ve do\u011fu k\u0131rsal\u0131ndaki mevzilerinde konu\u015fland\u0131\u011f\u0131n\u0131 ve her t\u00fcrl\u00fc ter\u00f6r sald\u0131r\u0131s\u0131n\u0131 p\u00fcsk\u00fcrtmeye haz\u0131r oldu\u011funu vurgulayarak, ordunun valilikten \u00e7ekildi\u011fi y\u00f6n\u00fcndeki haberlerin do\u011frulu\u011funu yalanlad\u0131.<\/p>\n<p>Askeri bir kaynak bug\u00fcn SANA&#8217;ya yapt\u0131\u011f\u0131 a\u00e7\u0131klamada \u015funlar\u0131 s\u00f6yledi: \u2018\u2019Silahl\u0131 ter\u00f6r \u00f6rg\u00fctlerinin, Suriye ordusunun Hama&#8217;dan \u00e7ekilmesine ili\u015fkin platformlar\u0131nda, internet sitelerinde ve baz\u0131 medya kanallar\u0131nda yay\u0131nlad\u0131\u011f\u0131 haberlerin asl\u0131 yoktur.\u2019\u2019<\/p>\n<p style=\"text-align: justify;\">Kaynak ayr\u0131ca, \u2018\u2019Silahl\u0131 kuvvet birimlerimizin Hama Valili\u011fi&#8217;nin kuzey ve do\u011fu k\u0131rsal\u0131ndaki mevzilerinde konu\u015fland\u0131\u011f\u0131n\u0131 ve olas\u0131 her t\u00fcrl\u00fc ter\u00f6r sald\u0131r\u0131s\u0131n\u0131 p\u00fcsk\u00fcrtmek i\u00e7in tam haz\u0131rl\u0131kl\u0131 oldu\u011funu vurguluyoruz.\u2019\u2019<\/p>\n<p style=\"text-align: justify;\">Kaynak a\u00e7\u0131klamas\u0131n\u0131, \u2018\u2019Dost Suriye ve Rus sava\u015f u\u00e7aklar\u0131 da ter\u00f6rist toplanma yerlerini, hareketlerini ve ikmal hatlar\u0131n\u0131 hedef al\u0131yor\u2019\u2019 ifadeleriyle tamamlad\u0131.<\/p>\n<p><strong><a href=\"https:\/\/t.me\/SuriyeArapHaberAjansI\">Telegram Kanal\u0131m\u0131z\u00a0<\/a><span style=\"color: #ff0000;\">||<\/span><a href=\"https:\/\/twitter.com\/arap_ajans\">X Platformumuz\u00a0<\/a><span style=\"color: #ff0000;\">||<\/span><a href=\"https:\/\/www.facebook.com\/SANAHaberAjansi\/\">Facebook Sayfam\u0131z<\/a><\/strong><\/p>\n","protected":false},"excerpt":{"rendered":"<p>\u015eAM (SANA) &#8211; Silahl\u0131 kuvvet birimlerimizin Hama Valili\u011fi&#8217;nin kuzey ve do\u011fu k\u0131rsal\u0131ndaki mevzilerinde konu\u015fland\u0131\u011f\u0131n\u0131 ve her t\u00fcrl\u00fc ter\u00f6r sald\u0131r\u0131s\u0131n\u0131 p\u00fcsk\u00fcrtmeye haz\u0131r oldu\u011funu vurgulayarak, ordunun valilikten \u00e7ekildi\u011fi y\u00f6n\u00fcndeki haberlerin do\u011frulu\u011funu yalanlad\u0131. Askeri bir kaynak bug\u00fcn SANA&#8217;ya yapt\u0131\u011f\u0131 a\u00e7\u0131klamada \u015funlar\u0131 s\u00f6yledi: \u2018\u2019Silahl\u0131 ter\u00f6r \u00f6rg\u00fctlerinin, Suriye ordusunun Hama&#8217;dan \u00e7ekilmesine ili\u015fkin platformlar\u0131nda, internet sitelerinde ve baz\u0131 medya kanallar\u0131nda yay\u0131nlad\u0131\u011f\u0131 &hellip;<\/p>\n","protected":false},"author":41,"featured_media":312309,"comment_status":"closed","ping_status":"closed","sticky":false,"template":"","format":"standard","meta":{"footnotes":""},"categories":[589,479,575,17988,478],"tags":[42986,42987],"class_list":["post-312362","post","type-post","status-publish","format-standard","has-post-thumbnail","","category-haber-seridi","category-haberler-yerel","category-olaylar-ve-gercekler","category-son-haberler","category-yerel","tag-askeri-kaynak-silahli-birliklerimiz-hama-valiliginin-kuzey-ve-dogu-kirsalindaki-mevzilerinde-konuslanmis-olup","tag-her-turlu-teror-saldirisini-puskurtmeye-hazirdir"],"_links":{"self":[{"href":"https:\/\/archive.sana.sy\/tr\/index.php?rest_route=\/wp\/v2\/posts\/312362","targetHints":{"allow":["GET"]}}],"collection":[{"href":"https:\/\/archive.sana.sy\/tr\/index.php?rest_route=\/wp\/v2\/posts"}],"about":[{"href":"https:\/\/archive.sana.sy\/tr\/index.php?rest_route=\/wp\/v2\/types\/post"}],"author":[{"embeddable":true,"href":"https:\/\/archive.sana.sy\/tr\/index.php?rest_route=\/wp\/v2\/users\/41"}],"replies":[{"embeddable":true,"href":"https:\/\/archive.sana.sy\/tr\/index.php?rest_route=%2Fwp%2Fv2%2Fcomments&post=312362"}],"version-history":[{"count":2,"href":"https:\/\/archive.sana.sy\/tr\/index.php?rest_route=\/wp\/v2\/posts\/312362\/revisions"}],"predecessor-version":[{"id":312364,"href":"https:\/\/archive.sana.sy\/tr\/index.php?rest_route=\/wp\/v2\/posts\/312362\/revisions\/312364"}],"wp:featuredmedia":[{"embeddable":true,"href":"https:\/\/archive.sana.sy\/tr\/index.php?rest_route=\/wp\/v2\/media\/312309"}],"wp:attachment":[{"href":"https:\/\/archive.sana.sy\/tr\/index.php?rest_route=%2Fwp%2Fv2%2Fmedia&parent=312362"}],"wp:term":[{"taxonomy":"category","embeddable":true,"href":"https:\/\/archive.sana.sy\/tr\/index.php?rest_route=%2Fwp%2Fv2%2Fcategories&post=312362"},{"taxonomy":"post_tag","embeddable":true,"href":"https:\/\/archive.sana.sy\/tr\/index.php?rest_route=%2Fwp%2Fv2%2Ftags&post=312362"}],"curies":[{"name":"wp","href":"https:\/\/api.w.org\/{rel}","templated":true}]}}