{"id":312369,"date":"2024-12-01T08:30:42","date_gmt":"2024-12-01T05:30:42","guid":{"rendered":"https:\/\/sana.sy\/tr\/?p=312369"},"modified":"2024-12-02T13:09:51","modified_gmt":"2024-12-02T10:09:51","slug":"cumhurbaskani-esad-irak-basbakani-ile-yaptigi-telefon-gorusmesinde-son-gelismeleri-ve-terorle-mucadelede-ortak-isbirligini-gorustu","status":"publish","type":"post","link":"https:\/\/archive.sana.sy\/tr\/?p=312369","title":{"rendered":"Cumhurba\u015fkan\u0131 Esad, Irak Ba\u015fbakan\u0131 \u0130le Yapt\u0131\u011f\u0131 Telefon G\u00f6r\u00fc\u015fmesinde Son Geli\u015fmeleri Ve Ter\u00f6rle M\u00fccadelede Ortak \u0130\u015fbirli\u011fini G\u00f6r\u00fc\u015ft\u00fc"},"content":{"rendered":"<p style=\"text-align: justify;\"><span style=\"color: #800000;\"><strong>\u015eAM (SANA)<\/strong> <\/span>&#8211; Irak Ba\u015fbakan\u0131 Muhammed \u015eeyya El Sudani ile yapt\u0131\u011f\u0131 telefon g\u00f6r\u00fc\u015fmesinde Cumhurba\u015fkan\u0131 Be\u015f\u015far Esad, ter\u00f6rle m\u00fccadele alan\u0131nda iki \u00fclke aras\u0131ndaki son geli\u015fmeler ve ortak i\u015fbirli\u011finin yan\u0131 s\u0131ra bir dizi Arap ve uluslararas\u0131 meseleyi ele ald\u0131.<\/p>\n<p style=\"text-align: justify;\">Irak Ba\u015fbakan\u0131 g\u00f6r\u00fc\u015fmede Suriye ve Irak&#8217;\u0131n g\u00fcvenli\u011finin tek g\u00fcvenlik oldu\u011funu vurgulayarak, Irak&#8217;\u0131n Suriye&#8217;ye ter\u00f6rizm ve t\u00fcm \u00f6rg\u00fctleriyle y\u00fczle\u015fmek i\u00e7in gerekli t\u00fcm deste\u011fi sa\u011flamaya haz\u0131r oldu\u011funu, \u00fclkesinin Suriye&#8217;nin istikrar\u0131na, egemenli\u011fine ve b\u00f6lgesel b\u00fct\u00fcnl\u00fc\u011f\u00fcne ba\u011fl\u0131l\u0131\u011f\u0131n\u0131 vurgulad\u0131\u011f\u0131n\u0131 kaydetti.<\/p>\n<p style=\"text-align: center;\"><strong><a href=\"https:\/\/t.me\/SuriyeArapHaberAjansI\">Telegram Kanal\u0131m\u0131z\u00a0<\/a><span style=\"color: #ff0000;\">||<\/span><a href=\"https:\/\/twitter.com\/arap_ajans\">X Platformumuz\u00a0<\/a><span style=\"color: #ff0000;\">||<\/span><a href=\"https:\/\/www.facebook.com\/SANAHaberAjansi\/\">Facebook Sayfam\u0131z<\/a><\/strong><\/p>\n","protected":false},"excerpt":{"rendered":"<p>\u015eAM (SANA) &#8211; Irak Ba\u015fbakan\u0131 Muhammed \u015eeyya El Sudani ile yapt\u0131\u011f\u0131 telefon g\u00f6r\u00fc\u015fmesinde Cumhurba\u015fkan\u0131 Be\u015f\u015far Esad, ter\u00f6rle m\u00fccadele alan\u0131nda iki \u00fclke aras\u0131ndaki son geli\u015fmeler ve ortak i\u015fbirli\u011finin yan\u0131 s\u0131ra bir dizi Arap ve uluslararas\u0131 meseleyi ele ald\u0131. Irak Ba\u015fbakan\u0131 g\u00f6r\u00fc\u015fmede Suriye ve Irak&#8217;\u0131n g\u00fcvenli\u011finin tek g\u00fcvenlik oldu\u011funu vurgulayarak, Irak&#8217;\u0131n Suriye&#8217;ye ter\u00f6rizm ve t\u00fcm \u00f6rg\u00fctleriyle y\u00fczle\u015fmek &hellip;<\/p>\n","protected":false},"author":39,"featured_media":312370,"comment_status":"closed","ping_status":"closed","sticky":false,"template":"","format":"standard","meta":{"footnotes":""},"categories":[606,605,17988],"tags":[],"class_list":["post-312369","post","type-post","status-publish","format-standard","has-post-thumbnail","","category-cumhurbaskani","category-sayin-cumhurbaskani","category-son-haberler"],"_links":{"self":[{"href":"https:\/\/archive.sana.sy\/tr\/index.php?rest_route=\/wp\/v2\/posts\/312369","targetHints":{"allow":["GET"]}}],"collection":[{"href":"https:\/\/archive.sana.sy\/tr\/index.php?rest_route=\/wp\/v2\/posts"}],"about":[{"href":"https:\/\/archive.sana.sy\/tr\/index.php?rest_route=\/wp\/v2\/types\/post"}],"author":[{"embeddable":true,"href":"https:\/\/archive.sana.sy\/tr\/index.php?rest_route=\/wp\/v2\/users\/39"}],"replies":[{"embeddable":true,"href":"https:\/\/archive.sana.sy\/tr\/index.php?rest_route=%2Fwp%2Fv2%2Fcomments&post=312369"}],"version-history":[{"count":2,"href":"https:\/\/archive.sana.sy\/tr\/index.php?rest_route=\/wp\/v2\/posts\/312369\/revisions"}],"predecessor-version":[{"id":312447,"href":"https:\/\/archive.sana.sy\/tr\/index.php?rest_route=\/wp\/v2\/posts\/312369\/revisions\/312447"}],"wp:featuredmedia":[{"embeddable":true,"href":"https:\/\/archive.sana.sy\/tr\/index.php?rest_route=\/wp\/v2\/media\/312370"}],"wp:attachment":[{"href":"https:\/\/archive.sana.sy\/tr\/index.php?rest_route=%2Fwp%2Fv2%2Fmedia&parent=312369"}],"wp:term":[{"taxonomy":"category","embeddable":true,"href":"https:\/\/archive.sana.sy\/tr\/index.php?rest_route=%2Fwp%2Fv2%2Fcategories&post=312369"},{"taxonomy":"post_tag","embeddable":true,"href":"https:\/\/archive.sana.sy\/tr\/index.php?rest_route=%2Fwp%2Fv2%2Ftags&post=312369"}],"curies":[{"name":"wp","href":"https:\/\/api.w.org\/{rel}","templated":true}]}}