{"id":312433,"date":"2024-12-01T15:12:33","date_gmt":"2024-12-01T12:12:33","guid":{"rendered":"https:\/\/sana.sy\/tr\/?p=312433"},"modified":"2024-12-02T13:09:57","modified_gmt":"2024-12-02T10:09:57","slug":"cumhurbaskani-esad-abhazyadaki-cumhurbaskani-vekilinden-ulkesinin-organize-teror-saldirilarina-karsi-suriyenin-yaninda-oldugunu-dogrulayan-bir-telefon-aldi","status":"publish","type":"post","link":"https:\/\/archive.sana.sy\/tr\/?p=312433","title":{"rendered":"Cumhurba\u015fkan\u0131 Esad, Abhazya&#8217;daki Cumhurba\u015fkan\u0131 Vekilinden \u00dclkesinin Organize Ter\u00f6r Sald\u0131r\u0131lar\u0131na Kar\u015f\u0131 Suriye&#8217;nin Yan\u0131nda oldu\u011funu Do\u011frulayan Bir Telefon Ald\u0131"},"content":{"rendered":"<p style=\"text-align: justify;\"><strong><span style=\"color: #800000;\">\u015eAM (SANA)<\/span> &#8211;<\/strong> Say\u0131n Cumhurba\u015fkan\u0131 Be\u015f\u015far Esad, Abhazya Cumhuriyeti cumhurba\u015fkan\u0131 vekili Say\u0131n Badra Gomba&#8217;dan bir telefon ald\u0131.<\/p>\n<p style=\"text-align: justify;\">Say\u0131n Badra Gomba, telefon g\u00f6r\u00fc\u015fmesinde, zaferin devlet, halk ve liderlik olarak Suriye&#8217;nin yan\u0131nda oldu\u011funu ifade ederek, \u00fclkesinin kar\u015f\u0131 kar\u015f\u0131ya kald\u0131\u011f\u0131 t\u00fcm organize ter\u00f6r sald\u0131r\u0131lar\u0131nda Suriye&#8217;nin yan\u0131nda oldu\u011funu vurgulad\u0131.<\/p>\n<p style=\"text-align: justify;\">Cumhurba\u015fkan\u0131 Esad, ter\u00f6r\u00fcn yaln\u0131zca g\u00fc\u00e7 dilinden anlad\u0131\u011f\u0131n\u0131, destek\u00e7isi ve sponsoru ne olursa olsun onu k\u0131raca\u011f\u0131m\u0131z ve ortadan kald\u0131raca\u011f\u0131m\u0131z dilin bu oldu\u011funu vurgulayarak, ter\u00f6ristlerin bir ki\u015fiyi veya kurumu temsil etmedi\u011fini, yaln\u0131zca onlar\u0131 i\u015fleten ve destekleyen organlar\u0131 temsil ettiklerini kaydetti.<\/p>\n<p style=\"text-align: center;\"><strong><a href=\"https:\/\/t.me\/SuriyeArapHaberAjansI\">Telegram Kanal\u0131m\u0131z\u00a0<\/a><span style=\"color: #ff0000;\">||<\/span><a href=\"https:\/\/twitter.com\/arap_ajans\">X Platformumuz\u00a0<\/a><span style=\"color: #ff0000;\">||<\/span><a href=\"https:\/\/www.facebook.com\/SANAHaberAjansi\/\">Facebook Sayfam\u0131z<\/a><\/strong><\/p>\n","protected":false},"excerpt":{"rendered":"<p>\u015eAM (SANA) &#8211; Say\u0131n Cumhurba\u015fkan\u0131 Be\u015f\u015far Esad, Abhazya Cumhuriyeti cumhurba\u015fkan\u0131 vekili Say\u0131n Badra Gomba&#8217;dan bir telefon ald\u0131. Say\u0131n Badra Gomba, telefon g\u00f6r\u00fc\u015fmesinde, zaferin devlet, halk ve liderlik olarak Suriye&#8217;nin yan\u0131nda oldu\u011funu ifade ederek, \u00fclkesinin kar\u015f\u0131 kar\u015f\u0131ya kald\u0131\u011f\u0131 t\u00fcm organize ter\u00f6r sald\u0131r\u0131lar\u0131nda Suriye&#8217;nin yan\u0131nda oldu\u011funu vurgulad\u0131. Cumhurba\u015fkan\u0131 Esad, ter\u00f6r\u00fcn yaln\u0131zca g\u00fc\u00e7 dilinden anlad\u0131\u011f\u0131n\u0131, destek\u00e7isi ve sponsoru &hellip;<\/p>\n","protected":false},"author":41,"featured_media":312434,"comment_status":"closed","ping_status":"closed","sticky":false,"template":"","format":"standard","meta":{"footnotes":""},"categories":[606,605,17988],"tags":[],"class_list":["post-312433","post","type-post","status-publish","format-standard","has-post-thumbnail","","category-cumhurbaskani","category-sayin-cumhurbaskani","category-son-haberler"],"_links":{"self":[{"href":"https:\/\/archive.sana.sy\/tr\/index.php?rest_route=\/wp\/v2\/posts\/312433","targetHints":{"allow":["GET"]}}],"collection":[{"href":"https:\/\/archive.sana.sy\/tr\/index.php?rest_route=\/wp\/v2\/posts"}],"about":[{"href":"https:\/\/archive.sana.sy\/tr\/index.php?rest_route=\/wp\/v2\/types\/post"}],"author":[{"embeddable":true,"href":"https:\/\/archive.sana.sy\/tr\/index.php?rest_route=\/wp\/v2\/users\/41"}],"replies":[{"embeddable":true,"href":"https:\/\/archive.sana.sy\/tr\/index.php?rest_route=%2Fwp%2Fv2%2Fcomments&post=312433"}],"version-history":[{"count":2,"href":"https:\/\/archive.sana.sy\/tr\/index.php?rest_route=\/wp\/v2\/posts\/312433\/revisions"}],"predecessor-version":[{"id":312436,"href":"https:\/\/archive.sana.sy\/tr\/index.php?rest_route=\/wp\/v2\/posts\/312433\/revisions\/312436"}],"wp:featuredmedia":[{"embeddable":true,"href":"https:\/\/archive.sana.sy\/tr\/index.php?rest_route=\/wp\/v2\/media\/312434"}],"wp:attachment":[{"href":"https:\/\/archive.sana.sy\/tr\/index.php?rest_route=%2Fwp%2Fv2%2Fmedia&parent=312433"}],"wp:term":[{"taxonomy":"category","embeddable":true,"href":"https:\/\/archive.sana.sy\/tr\/index.php?rest_route=%2Fwp%2Fv2%2Fcategories&post=312433"},{"taxonomy":"post_tag","embeddable":true,"href":"https:\/\/archive.sana.sy\/tr\/index.php?rest_route=%2Fwp%2Fv2%2Ftags&post=312433"}],"curies":[{"name":"wp","href":"https:\/\/api.w.org\/{rel}","templated":true}]}}