{"id":312437,"date":"2024-12-01T15:35:58","date_gmt":"2024-12-01T12:35:58","guid":{"rendered":"https:\/\/sana.sy\/tr\/?p=312437"},"modified":"2024-12-01T15:35:58","modified_gmt":"2024-12-01T12:35:58","slug":"irak-ulusal-istihbarat-konseyi-irak-teror-karsisinda-suriye-ve-ordusunun-yaninda-yer-alacaktir","status":"publish","type":"post","link":"https:\/\/archive.sana.sy\/tr\/?p=312437","title":{"rendered":"Irak Ulusal \u0130stihbarat Konseyi: Irak, Ter\u00f6r Kar\u015f\u0131s\u0131nda Suriye Ve Ordusunun Yan\u0131nda Yer Alacakt\u0131r"},"content":{"rendered":"<p style=\"text-align: justify;\"><span style=\"color: #800000;\"><strong>BA\u011eDAT (SANA)<\/strong><\/span> \u2013 Irak Ulusal \u0130stihbarat Konseyi, Suriye&#8217;de ya\u015fananlar\u0131n ter\u00f6r eylemi oldu\u011funu, Irak&#8217;\u0131n ter\u00f6r kar\u015f\u0131s\u0131nda yan\u0131nda olaca\u011f\u0131n\u0131 do\u011frulad\u0131.<\/p>\n<p style=\"text-align: justify;\">INA ajans\u0131na g\u00f6re Irak Ulusal G\u00fcvenlik Dan\u0131\u015fman\u0131 Kas\u0131m El Raci bug\u00fcn yapt\u0131\u011f\u0131 a\u00e7\u0131klamada \u015funlar\u0131 s\u00f6yledi: &#8220;Milli \u0130stihbarat Konseyi bug\u00fcn Suriye sahas\u0131ndaki son olay ve geli\u015fmeleri, bunlardan kaynaklanabilecek tehditleri ve Irak&#8217;\u0131n ulusal g\u00fcvenli\u011finin korunmas\u0131 i\u00e7in al\u0131nmas\u0131 gereken tedbirleri ele ald\u0131.&#8221;<\/p>\n<p style=\"text-align: justify;\">Konsey, &#8220;Suriye&#8217;de ya\u015fananlar\u0131n ter\u00f6r eylemleri oldu\u011funu ve Irak&#8217;\u0131n ter\u00f6rle m\u00fccadelede karde\u015f Suriye halk\u0131n\u0131n ve kahraman ordusunun yan\u0131nda olaca\u011f\u0131n\u0131&#8221; vurgulad\u0131.<\/p>\n<p style=\"text-align: justify;\">A\u00e7\u0131klamada ayr\u0131ca, Konseyin Irak Silahl\u0131 Kuvvetleri Ba\u015fkomutan\u0131na sunulacak bir dizi tavsiyede bulundu\u011fu belirtildi.<\/p>\n<p style=\"text-align: center;\"><strong><a href=\"https:\/\/t.me\/SuriyeArapHaberAjansI\">Telegram Kanal\u0131m\u0131z\u00a0<\/a><span style=\"color: #ff0000;\">||<\/span><a href=\"https:\/\/twitter.com\/arap_ajans\">X Platformumuz<span style=\"color: #ff0000;\">\u00a0<\/span><\/a><span style=\"color: #ff0000;\">||<\/span><a href=\"https:\/\/www.facebook.com\/SANAHaberAjansi\/\">Facebook Sayfam\u0131z<\/a><\/strong><\/p>\n","protected":false},"excerpt":{"rendered":"<p>BA\u011eDAT (SANA) \u2013 Irak Ulusal \u0130stihbarat Konseyi, Suriye&#8217;de ya\u015fananlar\u0131n ter\u00f6r eylemi oldu\u011funu, Irak&#8217;\u0131n ter\u00f6r kar\u015f\u0131s\u0131nda yan\u0131nda olaca\u011f\u0131n\u0131 do\u011frulad\u0131. INA ajans\u0131na g\u00f6re Irak Ulusal G\u00fcvenlik Dan\u0131\u015fman\u0131 Kas\u0131m El Raci bug\u00fcn yapt\u0131\u011f\u0131 a\u00e7\u0131klamada \u015funlar\u0131 s\u00f6yledi: &#8220;Milli \u0130stihbarat Konseyi bug\u00fcn Suriye sahas\u0131ndaki son olay ve geli\u015fmeleri, bunlardan kaynaklanabilecek tehditleri ve Irak&#8217;\u0131n ulusal g\u00fcvenli\u011finin korunmas\u0131 i\u00e7in al\u0131nmas\u0131 gereken tedbirleri &hellip;<\/p>\n","protected":false},"author":41,"featured_media":312438,"comment_status":"closed","ping_status":"closed","sticky":false,"template":"","format":"standard","meta":{"footnotes":""},"categories":[458,589,459,17988],"tags":[42991,42992],"class_list":["post-312437","post","type-post","status-publish","format-standard","has-post-thumbnail","","category-dunya1","category-haber-seridi","category-haberler-arap-uluslararasi-politika","category-son-haberler","tag-irak-ulusal-istihbarat-konseyi-irak","tag-teror-karsisinda-suriye-ve-ordusunun-yaninda-yer-alacaktir"],"_links":{"self":[{"href":"https:\/\/archive.sana.sy\/tr\/index.php?rest_route=\/wp\/v2\/posts\/312437","targetHints":{"allow":["GET"]}}],"collection":[{"href":"https:\/\/archive.sana.sy\/tr\/index.php?rest_route=\/wp\/v2\/posts"}],"about":[{"href":"https:\/\/archive.sana.sy\/tr\/index.php?rest_route=\/wp\/v2\/types\/post"}],"author":[{"embeddable":true,"href":"https:\/\/archive.sana.sy\/tr\/index.php?rest_route=\/wp\/v2\/users\/41"}],"replies":[{"embeddable":true,"href":"https:\/\/archive.sana.sy\/tr\/index.php?rest_route=%2Fwp%2Fv2%2Fcomments&post=312437"}],"version-history":[{"count":1,"href":"https:\/\/archive.sana.sy\/tr\/index.php?rest_route=\/wp\/v2\/posts\/312437\/revisions"}],"predecessor-version":[{"id":312439,"href":"https:\/\/archive.sana.sy\/tr\/index.php?rest_route=\/wp\/v2\/posts\/312437\/revisions\/312439"}],"wp:featuredmedia":[{"embeddable":true,"href":"https:\/\/archive.sana.sy\/tr\/index.php?rest_route=\/wp\/v2\/media\/312438"}],"wp:attachment":[{"href":"https:\/\/archive.sana.sy\/tr\/index.php?rest_route=%2Fwp%2Fv2%2Fmedia&parent=312437"}],"wp:term":[{"taxonomy":"category","embeddable":true,"href":"https:\/\/archive.sana.sy\/tr\/index.php?rest_route=%2Fwp%2Fv2%2Fcategories&post=312437"},{"taxonomy":"post_tag","embeddable":true,"href":"https:\/\/archive.sana.sy\/tr\/index.php?rest_route=%2Fwp%2Fv2%2Ftags&post=312437"}],"curies":[{"name":"wp","href":"https:\/\/api.w.org\/{rel}","templated":true}]}}