{"id":312451,"date":"2024-12-01T13:05:39","date_gmt":"2024-12-01T10:05:39","guid":{"rendered":"https:\/\/sana.sy\/tr\/?p=312451"},"modified":"2024-12-02T13:10:37","modified_gmt":"2024-12-02T10:10:37","slug":"kuzey-hama-kirsalindaki-ordu-birliklerinin-ilerleyisini-desteklemek-icin-agir-techizat-ve-roketatarlar","status":"publish","type":"post","link":"https:\/\/archive.sana.sy\/tr\/?p=312451","title":{"rendered":"Kuzey Hama K\u0131rsal\u0131ndaki Ordu Birliklerinin \u0130lerleyi\u015fini Desteklemek \u0130\u00e7in A\u011f\u0131r Te\u00e7hizat Ve Roketatarlar"},"content":{"rendered":"<p style=\"text-align: justify;\"><span style=\"color: #800000;\"><strong>\u015eAM (SANA)<\/strong> &#8211;<\/span> Suriye Arap Ordusu&#8217;nun kuzey Hama k\u0131rsal\u0131ndaki konu\u015flanma b\u00f6lgelerine, ordu birimlerinin bu eksendeki ilerleyi\u015fini desteklemek i\u00e7in personel ve \u00e7e\u015fitli ekipmanlar da dahil olmak \u00fczere ek takviye kuvvetleri geldi. Bu, Suriye-Rus ortak sava\u015f u\u00e7aklar\u0131n\u0131n ter\u00f6r b\u00f6lgelerine ve onlar\u0131n hareket eksenlerine y\u00f6nelik odakl\u0131 operasyonlar y\u00fcr\u00fctmeye devam etmesiyle birlikte geldi.<\/p>\n<p style=\"text-align: justify;\">Askeri kaynak bug\u00fcn yapt\u0131\u011f\u0131 a\u00e7\u0131klamada \u015fu ifadeler kulland\u0131: \u00a0\u2018\u2019Silahl\u0131 ter\u00f6r \u00f6rg\u00fct\u00fc mensuplar\u0131n\u0131n kitlesel ka\u00e7\u0131\u015f halinde oldu\u011fu bir d\u00f6nemde silahl\u0131 kuvvetlerimizin bu eksende ilerleyi\u015fini kuvvetlendirmek ve desteklemek amac\u0131yla silahl\u0131 kuvvetlerimizden personel, a\u011f\u0131r te\u00e7hizat ve roketatarlar da dahil olmak \u00fczere Hama&#8217;n\u0131n kuzey k\u0131rsal\u0131na daha fazla askeri takviye geldi.\u2019\u2019<\/p>\n<p style=\"text-align: justify;\">Kaynak ayr\u0131ca, \u2018\u2019Suriye-Rus ortak sava\u015f u\u00e7aklar\u0131, ka\u00e7an ter\u00f6ristlerin hareket eksenlerine, konumlar\u0131na, kararg\u00e2hlar\u0131na, silah ve m\u00fchimmat depolar\u0131na hassas sald\u0131r\u0131lar\u0131n\u0131 yo\u011funla\u015ft\u0131rarak do\u011frudan isabet sa\u011flad\u0131 ve onlarca ter\u00f6risti \u00f6l\u00fc veya yaral\u0131 b\u0131rakt\u0131\u2019\u2019 ifadelerini s\u00f6zlerine ekledi.<\/p>\n<p style=\"text-align: center;\"><strong><a href=\"https:\/\/t.me\/SuriyeArapHaberAjansI\">Telegram Kanal\u0131m\u0131z\u00a0<\/a><span style=\"color: #ff0000;\">||<\/span><a href=\"https:\/\/twitter.com\/arap_ajans\">X Platformumuz\u00a0<\/a><span style=\"color: #ff0000;\">||<\/span><a href=\"https:\/\/www.facebook.com\/SANAHaberAjansi\/\">Facebook Sayfam\u0131z<\/a><\/strong><\/p>\n","protected":false},"excerpt":{"rendered":"<p>\u015eAM (SANA) &#8211; Suriye Arap Ordusu&#8217;nun kuzey Hama k\u0131rsal\u0131ndaki konu\u015flanma b\u00f6lgelerine, ordu birimlerinin bu eksendeki ilerleyi\u015fini desteklemek i\u00e7in personel ve \u00e7e\u015fitli ekipmanlar da dahil olmak \u00fczere ek takviye kuvvetleri geldi. Bu, Suriye-Rus ortak sava\u015f u\u00e7aklar\u0131n\u0131n ter\u00f6r b\u00f6lgelerine ve onlar\u0131n hareket eksenlerine y\u00f6nelik odakl\u0131 operasyonlar y\u00fcr\u00fctmeye devam etmesiyle birlikte geldi. Askeri kaynak bug\u00fcn yapt\u0131\u011f\u0131 a\u00e7\u0131klamada \u015fu &hellip;<\/p>\n","protected":false},"author":41,"featured_media":312458,"comment_status":"closed","ping_status":"closed","sticky":false,"template":"","format":"standard","meta":{"footnotes":""},"categories":[479,575,17988,478],"tags":[],"class_list":["post-312451","post","type-post","status-publish","format-standard","has-post-thumbnail","","category-haberler-yerel","category-olaylar-ve-gercekler","category-son-haberler","category-yerel"],"_links":{"self":[{"href":"https:\/\/archive.sana.sy\/tr\/index.php?rest_route=\/wp\/v2\/posts\/312451","targetHints":{"allow":["GET"]}}],"collection":[{"href":"https:\/\/archive.sana.sy\/tr\/index.php?rest_route=\/wp\/v2\/posts"}],"about":[{"href":"https:\/\/archive.sana.sy\/tr\/index.php?rest_route=\/wp\/v2\/types\/post"}],"author":[{"embeddable":true,"href":"https:\/\/archive.sana.sy\/tr\/index.php?rest_route=\/wp\/v2\/users\/41"}],"replies":[{"embeddable":true,"href":"https:\/\/archive.sana.sy\/tr\/index.php?rest_route=%2Fwp%2Fv2%2Fcomments&post=312451"}],"version-history":[{"count":1,"href":"https:\/\/archive.sana.sy\/tr\/index.php?rest_route=\/wp\/v2\/posts\/312451\/revisions"}],"predecessor-version":[{"id":312452,"href":"https:\/\/archive.sana.sy\/tr\/index.php?rest_route=\/wp\/v2\/posts\/312451\/revisions\/312452"}],"wp:featuredmedia":[{"embeddable":true,"href":"https:\/\/archive.sana.sy\/tr\/index.php?rest_route=\/wp\/v2\/media\/312458"}],"wp:attachment":[{"href":"https:\/\/archive.sana.sy\/tr\/index.php?rest_route=%2Fwp%2Fv2%2Fmedia&parent=312451"}],"wp:term":[{"taxonomy":"category","embeddable":true,"href":"https:\/\/archive.sana.sy\/tr\/index.php?rest_route=%2Fwp%2Fv2%2Fcategories&post=312451"},{"taxonomy":"post_tag","embeddable":true,"href":"https:\/\/archive.sana.sy\/tr\/index.php?rest_route=%2Fwp%2Fv2%2Ftags&post=312451"}],"curies":[{"name":"wp","href":"https:\/\/api.w.org\/{rel}","templated":true}]}}