{"id":312479,"date":"2024-12-02T13:05:20","date_gmt":"2024-12-02T10:05:20","guid":{"rendered":"https:\/\/sana.sy\/tr\/?p=312479"},"modified":"2024-12-02T15:21:56","modified_gmt":"2024-12-02T12:21:56","slug":"suriye-rusya-ortak-savas-ucaklari-halep-kirsalindaki-el-safira-kasabasinin-eteklerinde-onlarca-teroristi-etkisiz-hale-getirdi","status":"publish","type":"post","link":"https:\/\/archive.sana.sy\/tr\/?p=312479","title":{"rendered":"Suriye-Rusya Ortak Sava\u015f U\u00e7aklar\u0131 Halep k\u0131rsal\u0131ndaki El Safira Kasabas\u0131n\u0131n Eteklerinde Onlarca Ter\u00f6risti Etkisiz Hale Getirdi"},"content":{"rendered":"<p style=\"text-align: justify;\"><span style=\"color: #800000;\"><strong>\u015eAM (SANA)\u00a0<\/strong><\/span> &#8211; Suriye-Rus ortak sava\u015f u\u00e7aklar\u0131, Halep k\u0131rsal\u0131n\u0131n do\u011fus\u0131ndaki El Safira kasabas\u0131n\u0131n eteklerinde ter\u00f6ristlerin topland\u0131\u011f\u0131 yerleri ve hareket merkezlerini hedef alan yo\u011fun sald\u0131r\u0131lar d\u00fczenleyerek, a\u011f\u0131r personel ve te\u00e7hizat kayb\u0131na neden oldu.<\/p>\n<p style=\"text-align: justify;\">Askeri bir kaynak SANA muhabirine yapt\u0131\u011f\u0131 a\u00e7\u0131klamada, &#8220;Suriye-Rus ortak sava\u015f u\u00e7aklar\u0131n\u0131n, Halep k\u0131rsal\u0131n\u0131n do\u011fusundaki El Safira kasabas\u0131n\u0131n eteklerinde ter\u00f6r \u00f6rg\u00fctlerine ve onlar\u0131n hareket eksenlerine art arda sald\u0131r\u0131lar d\u00fczenledi\u011fini&#8221; belirtti.<\/p>\n<p style=\"text-align: justify;\">Kaynak ayr\u0131ca, &#8221;Sald\u0131r\u0131lar &#8220;ter\u00f6ristlerin ellerinde bulunan \u00e7ok say\u0131da ara\u00e7 ve arac\u0131n imha edilmesinin yan\u0131 s\u0131ra onlarca \u00f6l\u00fcm ve yaralanmaya da neden oldu&#8221; diye ekledi.<\/p>\n<p style=\"text-align: center;\"><strong><a href=\"https:\/\/t.me\/SuriyeArapHaberAjansI\">Telegram Kanal\u0131m\u0131z\u00a0<\/a><span style=\"color: #ff0000;\">||<\/span><a href=\"https:\/\/twitter.com\/arap_ajans\">X Platformumuz\u00a0<\/a><span style=\"color: #ff0000;\">||<\/span><a href=\"https:\/\/www.facebook.com\/SANAHaberAjansi\/\">Facebook Sayfam\u0131z<\/a><\/strong><\/p>\n","protected":false},"excerpt":{"rendered":"<p>\u015eAM (SANA)\u00a0 &#8211; Suriye-Rus ortak sava\u015f u\u00e7aklar\u0131, Halep k\u0131rsal\u0131n\u0131n do\u011fus\u0131ndaki El Safira kasabas\u0131n\u0131n eteklerinde ter\u00f6ristlerin topland\u0131\u011f\u0131 yerleri ve hareket merkezlerini hedef alan yo\u011fun sald\u0131r\u0131lar d\u00fczenleyerek, a\u011f\u0131r personel ve te\u00e7hizat kayb\u0131na neden oldu. Askeri bir kaynak SANA muhabirine yapt\u0131\u011f\u0131 a\u00e7\u0131klamada, &#8220;Suriye-Rus ortak sava\u015f u\u00e7aklar\u0131n\u0131n, Halep k\u0131rsal\u0131n\u0131n do\u011fusundaki El Safira kasabas\u0131n\u0131n eteklerinde ter\u00f6r \u00f6rg\u00fctlerine ve onlar\u0131n hareket &hellip;<\/p>\n","protected":false},"author":36,"featured_media":312480,"comment_status":"closed","ping_status":"closed","sticky":false,"template":"","format":"standard","meta":{"footnotes":""},"categories":[479,17988,478],"tags":[],"class_list":["post-312479","post","type-post","status-publish","format-standard","has-post-thumbnail","","category-haberler-yerel","category-son-haberler","category-yerel"],"_links":{"self":[{"href":"https:\/\/archive.sana.sy\/tr\/index.php?rest_route=\/wp\/v2\/posts\/312479","targetHints":{"allow":["GET"]}}],"collection":[{"href":"https:\/\/archive.sana.sy\/tr\/index.php?rest_route=\/wp\/v2\/posts"}],"about":[{"href":"https:\/\/archive.sana.sy\/tr\/index.php?rest_route=\/wp\/v2\/types\/post"}],"author":[{"embeddable":true,"href":"https:\/\/archive.sana.sy\/tr\/index.php?rest_route=\/wp\/v2\/users\/36"}],"replies":[{"embeddable":true,"href":"https:\/\/archive.sana.sy\/tr\/index.php?rest_route=%2Fwp%2Fv2%2Fcomments&post=312479"}],"version-history":[{"count":2,"href":"https:\/\/archive.sana.sy\/tr\/index.php?rest_route=\/wp\/v2\/posts\/312479\/revisions"}],"predecessor-version":[{"id":312511,"href":"https:\/\/archive.sana.sy\/tr\/index.php?rest_route=\/wp\/v2\/posts\/312479\/revisions\/312511"}],"wp:featuredmedia":[{"embeddable":true,"href":"https:\/\/archive.sana.sy\/tr\/index.php?rest_route=\/wp\/v2\/media\/312480"}],"wp:attachment":[{"href":"https:\/\/archive.sana.sy\/tr\/index.php?rest_route=%2Fwp%2Fv2%2Fmedia&parent=312479"}],"wp:term":[{"taxonomy":"category","embeddable":true,"href":"https:\/\/archive.sana.sy\/tr\/index.php?rest_route=%2Fwp%2Fv2%2Fcategories&post=312479"},{"taxonomy":"post_tag","embeddable":true,"href":"https:\/\/archive.sana.sy\/tr\/index.php?rest_route=%2Fwp%2Fv2%2Ftags&post=312479"}],"curies":[{"name":"wp","href":"https:\/\/api.w.org\/{rel}","templated":true}]}}