{"id":312482,"date":"2024-12-02T13:21:21","date_gmt":"2024-12-02T10:21:21","guid":{"rendered":"https:\/\/sana.sy\/tr\/?p=312482"},"modified":"2024-12-02T13:31:37","modified_gmt":"2024-12-02T10:31:37","slug":"cumhurbaskani-besar-esad-iran-cumhurbaskani-masud-pezeskiyan-ile-yaptigi-telefon-gorusmesinde-iki-ulke-arasinda-terorle-mucadele-alaninda-son-gelismeleri-ve-is-birligini-gorustu","status":"publish","type":"post","link":"https:\/\/archive.sana.sy\/tr\/?p=312482","title":{"rendered":"Cumhurba\u015fkan\u0131 Be\u015far Esad, \u0130ran Cumhurba\u015fkan\u0131 Masud Peze\u015fkiyan ile yapt\u0131\u011f\u0131 telefon g\u00f6r\u00fc\u015fmesinde iki \u00fclke aras\u0131nda ter\u00f6rle m\u00fccadele alan\u0131nda son geli\u015fmeleri ve i\u015f birli\u011fini g\u00f6r\u00fc\u015ft\u00fc."},"content":{"rendered":"<p>Cumhurba\u015fkan\u0131 Be\u015far Esad, \u0130ran Cumhurba\u015fkan\u0131 Masud Peze\u015fkiyan ile yapt\u0131\u011f\u0131 telefon g\u00f6r\u00fc\u015fmesinde iki \u00fclke aras\u0131nda ter\u00f6rle m\u00fccadele alan\u0131nda son geli\u015fmeleri ve i\u015f birli\u011fini g\u00f6r\u00fc\u015ft\u00fc.<\/p>\n","protected":false},"excerpt":{"rendered":"<p>Cumhurba\u015fkan\u0131 Be\u015far Esad, \u0130ran Cumhurba\u015fkan\u0131 Masud Peze\u015fkiyan ile yapt\u0131\u011f\u0131 telefon g\u00f6r\u00fc\u015fmesinde iki \u00fclke aras\u0131nda ter\u00f6rle m\u00fccadele alan\u0131nda son geli\u015fmeleri ve i\u015f birli\u011fini g\u00f6r\u00fc\u015ft\u00fc.<\/p>\n","protected":false},"author":36,"featured_media":0,"comment_status":"closed","ping_status":"closed","sticky":false,"template":"","format":"standard","meta":{"footnotes":""},"categories":[1],"tags":[],"class_list":["post-312482","post","type-post","status-publish","format-standard","","category-news-not-sorted"],"_links":{"self":[{"href":"https:\/\/archive.sana.sy\/tr\/index.php?rest_route=\/wp\/v2\/posts\/312482","targetHints":{"allow":["GET"]}}],"collection":[{"href":"https:\/\/archive.sana.sy\/tr\/index.php?rest_route=\/wp\/v2\/posts"}],"about":[{"href":"https:\/\/archive.sana.sy\/tr\/index.php?rest_route=\/wp\/v2\/types\/post"}],"author":[{"embeddable":true,"href":"https:\/\/archive.sana.sy\/tr\/index.php?rest_route=\/wp\/v2\/users\/36"}],"replies":[{"embeddable":true,"href":"https:\/\/archive.sana.sy\/tr\/index.php?rest_route=%2Fwp%2Fv2%2Fcomments&post=312482"}],"version-history":[{"count":1,"href":"https:\/\/archive.sana.sy\/tr\/index.php?rest_route=\/wp\/v2\/posts\/312482\/revisions"}],"predecessor-version":[{"id":312483,"href":"https:\/\/archive.sana.sy\/tr\/index.php?rest_route=\/wp\/v2\/posts\/312482\/revisions\/312483"}],"wp:attachment":[{"href":"https:\/\/archive.sana.sy\/tr\/index.php?rest_route=%2Fwp%2Fv2%2Fmedia&parent=312482"}],"wp:term":[{"taxonomy":"category","embeddable":true,"href":"https:\/\/archive.sana.sy\/tr\/index.php?rest_route=%2Fwp%2Fv2%2Fcategories&post=312482"},{"taxonomy":"post_tag","embeddable":true,"href":"https:\/\/archive.sana.sy\/tr\/index.php?rest_route=%2Fwp%2Fv2%2Ftags&post=312482"}],"curies":[{"name":"wp","href":"https:\/\/api.w.org\/{rel}","templated":true}]}}