{"id":312493,"date":"2024-12-02T13:44:13","date_gmt":"2024-12-02T10:44:13","guid":{"rendered":"https:\/\/sana.sy\/tr\/?p=312493"},"modified":"2024-12-02T19:46:54","modified_gmt":"2024-12-02T16:46:54","slug":"hamanin-kuzeyindeki-kamhanada-bir-dusman-ihasi-dusuruldu","status":"publish","type":"post","link":"https:\/\/archive.sana.sy\/tr\/?p=312493","title":{"rendered":"Hama&#8217;n\u0131n Kuzeyindeki Kamhana&#8217;da Bir D\u00fc\u015fman \u0130HA&#8217;s\u0131 D\u00fc\u015f\u00fcr\u00fcld\u00fc"},"content":{"rendered":"<p style=\"text-align: justify;\"><span style=\"color: #800000;\"><strong>HAMA (SANA)\u00a0<\/strong><\/span> &#8211; Hama k\u0131rsal\u0131n\u0131n kuzeyindeki Kamhana kasabas\u0131nda silahl\u0131 ter\u00f6r gruplar\u0131n\u0131n f\u0131rlatt\u0131\u011f\u0131 d\u00fc\u015fman insans\u0131z hava ara\u00e7lar\u0131ndan biri hava savunmam\u0131z taraf\u0131ndan d\u00fc\u015f\u00fcr\u00fcld\u00fc.<\/p>\n<p style=\"text-align: justify;\">Sahadaki askeri bir kaynak SANA muhabirine yapt\u0131\u011f\u0131 a\u00e7\u0131klamada, u\u00e7a\u011f\u0131n m\u00fchimmat\u0131yla birlikte vuruldu\u011funu belirtti.<\/p>\n<p style=\"text-align: center;\"><strong><a href=\"https:\/\/t.me\/SuriyeArapHaberAjansI\">Telegram Kanal\u0131m\u0131z\u00a0<\/a><span style=\"color: #ff0000;\">||<\/span><a href=\"https:\/\/twitter.com\/arap_ajans\">X Platformumuz\u00a0<\/a><span style=\"color: #ff0000;\">||<\/span><a href=\"https:\/\/www.facebook.com\/SANAHaberAjansi\/\">Facebook Sayfam\u0131z<\/a><\/strong><\/p>\n<div id='gallery-1' class='gallery galleryid-312493 gallery-columns-1 gallery-size-full'><figure class='gallery-item'>\n\t\t\t<div class='gallery-icon landscape'>\n\t\t\t\t<a href='https:\/\/archive.sana.sy\/tr\/wp-content\/uploads\/2024\/12\/photo_2024-12-02_12-20-30.jpg'><img loading=\"lazy\" decoding=\"async\" width=\"660\" height=\"370\" src=\"https:\/\/archive.sana.sy\/tr\/wp-content\/uploads\/2024\/12\/photo_2024-12-02_12-20-30.jpg\" class=\"attachment-full size-full\" alt=\"\" srcset=\"https:\/\/archive.sana.sy\/tr\/wp-content\/uploads\/2024\/12\/photo_2024-12-02_12-20-30.jpg 660w, https:\/\/archive.sana.sy\/tr\/wp-content\/uploads\/2024\/12\/photo_2024-12-02_12-20-30-300x168.jpg 300w\" sizes=\"auto, (max-width: 660px) 100vw, 660px\" \/><\/a>\n\t\t\t<\/div><\/figure><figure class='gallery-item'>\n\t\t\t<div class='gallery-icon landscape'>\n\t\t\t\t<a href='https:\/\/archive.sana.sy\/tr\/wp-content\/uploads\/2024\/12\/photo_2024-12-02_12-21-01.jpg'><img loading=\"lazy\" decoding=\"async\" width=\"660\" height=\"419\" src=\"https:\/\/archive.sana.sy\/tr\/wp-content\/uploads\/2024\/12\/photo_2024-12-02_12-21-01.jpg\" class=\"attachment-full size-full\" alt=\"\" srcset=\"https:\/\/archive.sana.sy\/tr\/wp-content\/uploads\/2024\/12\/photo_2024-12-02_12-21-01.jpg 660w, https:\/\/archive.sana.sy\/tr\/wp-content\/uploads\/2024\/12\/photo_2024-12-02_12-21-01-300x190.jpg 300w\" sizes=\"auto, (max-width: 660px) 100vw, 660px\" \/><\/a>\n\t\t\t<\/div><\/figure>\n\t\t<\/div>\n\n","protected":false},"excerpt":{"rendered":"<p>HAMA (SANA)\u00a0 &#8211; Hama k\u0131rsal\u0131n\u0131n kuzeyindeki Kamhana kasabas\u0131nda silahl\u0131 ter\u00f6r gruplar\u0131n\u0131n f\u0131rlatt\u0131\u011f\u0131 d\u00fc\u015fman insans\u0131z hava ara\u00e7lar\u0131ndan biri hava savunmam\u0131z taraf\u0131ndan d\u00fc\u015f\u00fcr\u00fcld\u00fc. Sahadaki askeri bir kaynak SANA muhabirine yapt\u0131\u011f\u0131 a\u00e7\u0131klamada, u\u00e7a\u011f\u0131n m\u00fchimmat\u0131yla birlikte vuruldu\u011funu belirtti. Telegram Kanal\u0131m\u0131z\u00a0||X Platformumuz\u00a0||Facebook Sayfam\u0131z<\/p>\n","protected":false},"author":36,"featured_media":312496,"comment_status":"closed","ping_status":"closed","sticky":false,"template":"","format":"standard","meta":{"footnotes":""},"categories":[589,479,575,17988,478],"tags":[],"class_list":["post-312493","post","type-post","status-publish","format-standard","has-post-thumbnail","","category-haber-seridi","category-haberler-yerel","category-olaylar-ve-gercekler","category-son-haberler","category-yerel"],"_links":{"self":[{"href":"https:\/\/archive.sana.sy\/tr\/index.php?rest_route=\/wp\/v2\/posts\/312493","targetHints":{"allow":["GET"]}}],"collection":[{"href":"https:\/\/archive.sana.sy\/tr\/index.php?rest_route=\/wp\/v2\/posts"}],"about":[{"href":"https:\/\/archive.sana.sy\/tr\/index.php?rest_route=\/wp\/v2\/types\/post"}],"author":[{"embeddable":true,"href":"https:\/\/archive.sana.sy\/tr\/index.php?rest_route=\/wp\/v2\/users\/36"}],"replies":[{"embeddable":true,"href":"https:\/\/archive.sana.sy\/tr\/index.php?rest_route=%2Fwp%2Fv2%2Fcomments&post=312493"}],"version-history":[{"count":3,"href":"https:\/\/archive.sana.sy\/tr\/index.php?rest_route=\/wp\/v2\/posts\/312493\/revisions"}],"predecessor-version":[{"id":312542,"href":"https:\/\/archive.sana.sy\/tr\/index.php?rest_route=\/wp\/v2\/posts\/312493\/revisions\/312542"}],"wp:featuredmedia":[{"embeddable":true,"href":"https:\/\/archive.sana.sy\/tr\/index.php?rest_route=\/wp\/v2\/media\/312496"}],"wp:attachment":[{"href":"https:\/\/archive.sana.sy\/tr\/index.php?rest_route=%2Fwp%2Fv2%2Fmedia&parent=312493"}],"wp:term":[{"taxonomy":"category","embeddable":true,"href":"https:\/\/archive.sana.sy\/tr\/index.php?rest_route=%2Fwp%2Fv2%2Fcategories&post=312493"},{"taxonomy":"post_tag","embeddable":true,"href":"https:\/\/archive.sana.sy\/tr\/index.php?rest_route=%2Fwp%2Fv2%2Ftags&post=312493"}],"curies":[{"name":"wp","href":"https:\/\/api.w.org\/{rel}","templated":true}]}}