{"id":312498,"date":"2024-12-02T13:04:13","date_gmt":"2024-12-02T10:04:13","guid":{"rendered":"https:\/\/sana.sy\/tr\/?p=312498"},"modified":"2024-12-02T13:55:15","modified_gmt":"2024-12-02T10:55:15","slug":"kremlin-rusya-suriye-ve-cumhurbaskani-esada-destegini-surduruyor","status":"publish","type":"post","link":"https:\/\/archive.sana.sy\/tr\/?p=312498","title":{"rendered":"Kremlin: Rusya, Suriye ve Cumhurba\u015fkan\u0131 Esad&#8217;a Deste\u011fini S\u00fcrd\u00fcr\u00fcyor"},"content":{"rendered":"<p style=\"text-align: justify;\"><span style=\"color: #800000;\"><strong>MOSKOVA (SANA)\u00a0<\/strong><\/span> &#8211; Rusya cumhurba\u015fkanl\u0131\u011f\u0131 s\u00f6zc\u00fcs\u00fc Dmitry Peskov bug\u00fcn Rusya&#8217;n\u0131n mevcut durum \u0131\u015f\u0131\u011f\u0131nda Suriye&#8217;yi ve Devlet Ba\u015fkan\u0131 Be\u015f\u015far Esad&#8217;\u0131 desteklemeye devam etti\u011fini belirtti.<\/p>\n<p style=\"text-align: justify;\">Novosti Haber Ajans\u0131, Peskov&#8217;un bas\u0131n toplant\u0131s\u0131nda: &#8220;Elbette Cumhurba\u015fkan\u0131 Be\u015far Esad&#8217;\u0131 desteklemeye devam ediyoruz, temaslar\u0131m\u0131z\u0131 uygun d\u00fczeylerde s\u00fcrd\u00fcr\u00fcyoruz ve durumu analiz ediyoruz&#8221; diyerek, &#8220;Durumu istikrara kavu\u015fturmak i\u00e7in neyin gerekli oldu\u011fu konusunda bir pozisyon olu\u015fturulaca\u011f\u0131na&#8221; i\u015faret etti.<\/p>\n<p style=\"text-align: justify;\">Rusya D\u0131\u015fi\u015fleri Bakan Yard\u0131mc\u0131s\u0131 Andrei Rudenko ise: &#8220;Suriye&#8217;deki durumla ilgili olarak \u015fu anda bir\u00e7ok tarafla yak\u0131n temaslar\u0131m\u0131z var&#8221; diyerek, \u0130ran, Rusya ve T\u00fcrkiye d\u0131\u015fi\u015fleri bakanlar\u0131n\u0131n Suriye konusunda \u00fc\u00e7l\u00fc toplant\u0131 yapma olas\u0131l\u0131\u011f\u0131na dikkat \u00e7ekti.<\/p>\n<p style=\"text-align: center;\"><strong><a href=\"https:\/\/t.me\/SuriyeArapHaberAjansI\">Telegram Kanal\u0131m\u0131z\u00a0<\/a><span style=\"color: #ff0000;\">||<\/span><a href=\"https:\/\/twitter.com\/arap_ajans\">X Platformumuz\u00a0<\/a><span style=\"color: #ff0000;\">||<\/span><a href=\"https:\/\/www.facebook.com\/SANAHaberAjansi\/\">Facebook Sayfam\u0131z<\/a><\/strong><\/p>\n","protected":false},"excerpt":{"rendered":"<p>MOSKOVA (SANA)\u00a0 &#8211; Rusya cumhurba\u015fkanl\u0131\u011f\u0131 s\u00f6zc\u00fcs\u00fc Dmitry Peskov bug\u00fcn Rusya&#8217;n\u0131n mevcut durum \u0131\u015f\u0131\u011f\u0131nda Suriye&#8217;yi ve Devlet Ba\u015fkan\u0131 Be\u015f\u015far Esad&#8217;\u0131 desteklemeye devam etti\u011fini belirtti. Novosti Haber Ajans\u0131, Peskov&#8217;un bas\u0131n toplant\u0131s\u0131nda: &#8220;Elbette Cumhurba\u015fkan\u0131 Be\u015far Esad&#8217;\u0131 desteklemeye devam ediyoruz, temaslar\u0131m\u0131z\u0131 uygun d\u00fczeylerde s\u00fcrd\u00fcr\u00fcyoruz ve durumu analiz ediyoruz&#8221; diyerek, &#8220;Durumu istikrara kavu\u015fturmak i\u00e7in neyin gerekli oldu\u011fu konusunda bir pozisyon &hellip;<\/p>\n","protected":false},"author":36,"featured_media":312499,"comment_status":"closed","ping_status":"closed","sticky":false,"template":"","format":"standard","meta":{"footnotes":""},"categories":[458,589,459,17988],"tags":[],"class_list":["post-312498","post","type-post","status-publish","format-standard","has-post-thumbnail","","category-dunya1","category-haber-seridi","category-haberler-arap-uluslararasi-politika","category-son-haberler"],"_links":{"self":[{"href":"https:\/\/archive.sana.sy\/tr\/index.php?rest_route=\/wp\/v2\/posts\/312498","targetHints":{"allow":["GET"]}}],"collection":[{"href":"https:\/\/archive.sana.sy\/tr\/index.php?rest_route=\/wp\/v2\/posts"}],"about":[{"href":"https:\/\/archive.sana.sy\/tr\/index.php?rest_route=\/wp\/v2\/types\/post"}],"author":[{"embeddable":true,"href":"https:\/\/archive.sana.sy\/tr\/index.php?rest_route=\/wp\/v2\/users\/36"}],"replies":[{"embeddable":true,"href":"https:\/\/archive.sana.sy\/tr\/index.php?rest_route=%2Fwp%2Fv2%2Fcomments&post=312498"}],"version-history":[{"count":1,"href":"https:\/\/archive.sana.sy\/tr\/index.php?rest_route=\/wp\/v2\/posts\/312498\/revisions"}],"predecessor-version":[{"id":312500,"href":"https:\/\/archive.sana.sy\/tr\/index.php?rest_route=\/wp\/v2\/posts\/312498\/revisions\/312500"}],"wp:featuredmedia":[{"embeddable":true,"href":"https:\/\/archive.sana.sy\/tr\/index.php?rest_route=\/wp\/v2\/media\/312499"}],"wp:attachment":[{"href":"https:\/\/archive.sana.sy\/tr\/index.php?rest_route=%2Fwp%2Fv2%2Fmedia&parent=312498"}],"wp:term":[{"taxonomy":"category","embeddable":true,"href":"https:\/\/archive.sana.sy\/tr\/index.php?rest_route=%2Fwp%2Fv2%2Fcategories&post=312498"},{"taxonomy":"post_tag","embeddable":true,"href":"https:\/\/archive.sana.sy\/tr\/index.php?rest_route=%2Fwp%2Fv2%2Ftags&post=312498"}],"curies":[{"name":"wp","href":"https:\/\/api.w.org\/{rel}","templated":true}]}}