{"id":312555,"date":"2024-12-03T11:13:00","date_gmt":"2024-12-03T08:13:00","guid":{"rendered":"https:\/\/sana.sy\/tr\/?p=312555"},"modified":"2024-12-04T15:40:19","modified_gmt":"2024-12-04T12:40:19","slug":"suriye-rus-ortak-havaciligi-hama-ve-idlib-kirsallarinda-onlarca-teroristi-etkisiz-hale-getirdi-ve-araclarini-imha-etti","status":"publish","type":"post","link":"https:\/\/archive.sana.sy\/tr\/?p=312555","title":{"rendered":"Suriye-Rus Ortak Havac\u0131l\u0131\u011f\u0131 Hama ve \u0130dlib K\u0131rsallar\u0131nda Onlarca Ter\u00f6risti Etkisiz Hale Getirdi ve Ara\u00e7lar\u0131n\u0131 \u0130mha Etti"},"content":{"rendered":"<p style=\"text-align: justify;\"><span style=\"color: #800000;\"><strong>HAMA &#8211; \u0130DL\u0130B (SANA)<\/strong> <\/span>\u2013 Suriye-Rusya ortak Hava Kuvvetleri, \u0130dlib ve Hama&#8217;n\u0131n kuzey k\u0131rsal\u0131ndaki ter\u00f6rist mevzilerini ve hareket merkezlerini hedef alan yo\u011fun sald\u0131r\u0131lar d\u00fczenleyerek ter\u00f6ristlerin personel ve te\u00e7hizat a\u00e7\u0131s\u0131ndan a\u011f\u0131r kay\u0131plara u\u011framas\u0131na neden oldu.<\/p>\n<p style=\"text-align: justify;\">Askeri bir kaynak SANA&#8217;ya yapt\u0131\u011f\u0131 a\u00e7\u0131klamada, Suriye-Rusya ortak sava\u015f u\u00e7aklar\u0131n\u0131n &#8220;\u0130dlib&#8217;in g\u00fcney k\u0131rsal\u0131 ve Hama&#8217;n\u0131n kuzey k\u0131rsal\u0131na odakl\u0131 hava ve f\u00fcze sald\u0131r\u0131lar\u0131 d\u00fczenledi\u011fini, onlarca ter\u00f6risti \u00f6ld\u00fcr\u00fcp yaralad\u0131\u011f\u0131n\u0131, ara\u00e7lar\u0131n\u0131 ve silahlar\u0131n\u0131 imha etti\u011fini&#8221; belirtti.<\/p>\n<p style=\"text-align: center;\"><strong><a href=\"https:\/\/t.me\/SuriyeArapHaberAjansI\">Telegram Kanal\u0131m\u0131z\u00a0<\/a><span style=\"color: #ff0000;\">||<\/span><a href=\"https:\/\/twitter.com\/arap_ajans\">X Platformumuz\u00a0<\/a><span style=\"color: #ff0000;\">||<\/span><a href=\"https:\/\/www.facebook.com\/SANAHaberAjansi\/\">Facebook Sayfam\u0131z<\/a><\/strong><\/p>\n","protected":false},"excerpt":{"rendered":"<p>HAMA &#8211; \u0130DL\u0130B (SANA) \u2013 Suriye-Rusya ortak Hava Kuvvetleri, \u0130dlib ve Hama&#8217;n\u0131n kuzey k\u0131rsal\u0131ndaki ter\u00f6rist mevzilerini ve hareket merkezlerini hedef alan yo\u011fun sald\u0131r\u0131lar d\u00fczenleyerek ter\u00f6ristlerin personel ve te\u00e7hizat a\u00e7\u0131s\u0131ndan a\u011f\u0131r kay\u0131plara u\u011framas\u0131na neden oldu. Askeri bir kaynak SANA&#8217;ya yapt\u0131\u011f\u0131 a\u00e7\u0131klamada, Suriye-Rusya ortak sava\u015f u\u00e7aklar\u0131n\u0131n &#8220;\u0130dlib&#8217;in g\u00fcney k\u0131rsal\u0131 ve Hama&#8217;n\u0131n kuzey k\u0131rsal\u0131na odakl\u0131 hava ve f\u00fcze &hellip;<\/p>\n","protected":false},"author":36,"featured_media":312458,"comment_status":"closed","ping_status":"closed","sticky":false,"template":"","format":"standard","meta":{"footnotes":""},"categories":[589,479,575,17988,478],"tags":[43010,38641],"class_list":["post-312555","post","type-post","status-publish","format-standard","has-post-thumbnail","","category-haber-seridi","category-haberler-yerel","category-olaylar-ve-gercekler","category-son-haberler","category-yerel","tag-suriye-rus-ortak-havaciligi-hama-ve-idlib-kirsallarinda-onlarca-teroristi-etkisiz-hale-getirdi-ve-araclarini-imha-etti","tag-suriyede-son-gelimeler"],"_links":{"self":[{"href":"https:\/\/archive.sana.sy\/tr\/index.php?rest_route=\/wp\/v2\/posts\/312555","targetHints":{"allow":["GET"]}}],"collection":[{"href":"https:\/\/archive.sana.sy\/tr\/index.php?rest_route=\/wp\/v2\/posts"}],"about":[{"href":"https:\/\/archive.sana.sy\/tr\/index.php?rest_route=\/wp\/v2\/types\/post"}],"author":[{"embeddable":true,"href":"https:\/\/archive.sana.sy\/tr\/index.php?rest_route=\/wp\/v2\/users\/36"}],"replies":[{"embeddable":true,"href":"https:\/\/archive.sana.sy\/tr\/index.php?rest_route=%2Fwp%2Fv2%2Fcomments&post=312555"}],"version-history":[{"count":1,"href":"https:\/\/archive.sana.sy\/tr\/index.php?rest_route=\/wp\/v2\/posts\/312555\/revisions"}],"predecessor-version":[{"id":312557,"href":"https:\/\/archive.sana.sy\/tr\/index.php?rest_route=\/wp\/v2\/posts\/312555\/revisions\/312557"}],"wp:featuredmedia":[{"embeddable":true,"href":"https:\/\/archive.sana.sy\/tr\/index.php?rest_route=\/wp\/v2\/media\/312458"}],"wp:attachment":[{"href":"https:\/\/archive.sana.sy\/tr\/index.php?rest_route=%2Fwp%2Fv2%2Fmedia&parent=312555"}],"wp:term":[{"taxonomy":"category","embeddable":true,"href":"https:\/\/archive.sana.sy\/tr\/index.php?rest_route=%2Fwp%2Fv2%2Fcategories&post=312555"},{"taxonomy":"post_tag","embeddable":true,"href":"https:\/\/archive.sana.sy\/tr\/index.php?rest_route=%2Fwp%2Fv2%2Ftags&post=312555"}],"curies":[{"name":"wp","href":"https:\/\/api.w.org\/{rel}","templated":true}]}}