{"id":312571,"date":"2024-12-03T15:14:32","date_gmt":"2024-12-03T12:14:32","guid":{"rendered":"https:\/\/sana.sy\/tr\/?p=312571"},"modified":"2024-12-03T15:14:32","modified_gmt":"2024-12-03T12:14:32","slug":"iran-disisleri-bakanligi-iran-terore-karsi-suriyeye-kararli-destegine-liskin-net-bir-mesaj-verdi","status":"publish","type":"post","link":"https:\/\/archive.sana.sy\/tr\/?p=312571","title":{"rendered":"\u0130ran D\u0131\u015fi\u015fleri Bakanl\u0131\u011f\u0131: \u0130ran, Ter\u00f6re Kar\u015f\u0131 Suriye&#8217;ye Kararl\u0131 Deste\u011fine &#8220;li\u015fkin Net Bir Mesaj Verdi"},"content":{"rendered":"<p style=\"text-align: justify;\"><span style=\"color: #800000;\"><strong>TAHRAN (SANA)<\/strong> <\/span>&#8211; \u0130ran D\u0131\u015fi\u015fleri Bakanl\u0131\u011f\u0131 s\u00f6zc\u00fcs\u00fc \u0130smail Bakai, \u0130ran&#8217;\u0131n D\u0131\u015fi\u015fleri Bakan\u0131 Abbas Irak\u00e7i&#8217;nin \u015eam ve Ankara ziyaretinde ter\u00f6re kar\u015f\u0131 Suriye&#8217;ye kararl\u0131 deste\u011fine ili\u015fkin a\u00e7\u0131k ve samimi bir mesaj verdi\u011fini duyurdu.<\/p>\n<p style=\"text-align: justify;\">Bakai bug\u00fcn Me\u015fhed&#8217;deki Ekonomik \u0130\u015fbirli\u011fi \u00d6rg\u00fct\u00fc (ECO) toplant\u0131s\u0131n\u0131n oturum aralar\u0131nda yapt\u0131\u011f\u0131 a\u00e7\u0131klamada, \u201cIrak\u00e7i, sahadaki son geli\u015fmeler hakk\u0131nda bilgilendirildi. Ba\u015fta Suriye&#8217;ye kom\u015fu \u00fclkeler olmak \u00fczere b\u00f6lgedeki t\u00fcm \u00fclkelerin ter\u00f6r\u00fcn belli bir noktada durmayan bula\u015f\u0131c\u0131 bir hastal\u0131k oldu\u011fu sonucuna varmas\u0131 gerekti\u011finin vurguland\u0131\u011f\u0131 \u00e7ok samimi ve \u00f6nemli g\u00f6r\u00fc\u015fmeler yap\u0131ld\u0131&#8221; diyerek, \u00a0\u00fclkelerin bu sorunla y\u00fczle\u015fmek i\u00e7in i\u015fbirli\u011fi yapmamas\u0131 ve kat\u0131lmamas\u0131 halinde bu konuda mutlaka t\u00fcm \u00fclkelerin etkilenece\u011fini kaydetti.<\/p>\n<p style=\"text-align: center;\"><strong><a href=\"https:\/\/t.me\/SuriyeArapHaberAjansI\">Telegram Kanal\u0131m\u0131z<span style=\"color: #ff0000;\">\u00a0<\/span><\/a><span style=\"color: #ff0000;\">||<\/span><a href=\"https:\/\/twitter.com\/arap_ajans\">X Platformumuz\u00a0<\/a><span style=\"color: #ff0000;\">||<\/span><a href=\"https:\/\/www.facebook.com\/SANAHaberAjansi\/\">Facebook Sayfam\u0131z<\/a><\/strong><\/p>\n","protected":false},"excerpt":{"rendered":"<p>TAHRAN (SANA) &#8211; \u0130ran D\u0131\u015fi\u015fleri Bakanl\u0131\u011f\u0131 s\u00f6zc\u00fcs\u00fc \u0130smail Bakai, \u0130ran&#8217;\u0131n D\u0131\u015fi\u015fleri Bakan\u0131 Abbas Irak\u00e7i&#8217;nin \u015eam ve Ankara ziyaretinde ter\u00f6re kar\u015f\u0131 Suriye&#8217;ye kararl\u0131 deste\u011fine ili\u015fkin a\u00e7\u0131k ve samimi bir mesaj verdi\u011fini duyurdu. Bakai bug\u00fcn Me\u015fhed&#8217;deki Ekonomik \u0130\u015fbirli\u011fi \u00d6rg\u00fct\u00fc (ECO) toplant\u0131s\u0131n\u0131n oturum aralar\u0131nda yapt\u0131\u011f\u0131 a\u00e7\u0131klamada, \u201cIrak\u00e7i, sahadaki son geli\u015fmeler hakk\u0131nda bilgilendirildi. Ba\u015fta Suriye&#8217;ye kom\u015fu \u00fclkeler olmak \u00fczere &hellip;<\/p>\n","protected":false},"author":41,"featured_media":312572,"comment_status":"closed","ping_status":"closed","sticky":false,"template":"","format":"standard","meta":{"footnotes":""},"categories":[458,589,459,17988],"tags":[43011,43012],"class_list":["post-312571","post","type-post","status-publish","format-standard","has-post-thumbnail","","category-dunya1","category-haber-seridi","category-haberler-arap-uluslararasi-politika","category-son-haberler","tag-iran-disisleri-bakanligi-iran","tag-terore-karsi-suriyeye-kararli-destegine-liskin-net-bir-mesaj-verdi"],"_links":{"self":[{"href":"https:\/\/archive.sana.sy\/tr\/index.php?rest_route=\/wp\/v2\/posts\/312571","targetHints":{"allow":["GET"]}}],"collection":[{"href":"https:\/\/archive.sana.sy\/tr\/index.php?rest_route=\/wp\/v2\/posts"}],"about":[{"href":"https:\/\/archive.sana.sy\/tr\/index.php?rest_route=\/wp\/v2\/types\/post"}],"author":[{"embeddable":true,"href":"https:\/\/archive.sana.sy\/tr\/index.php?rest_route=\/wp\/v2\/users\/41"}],"replies":[{"embeddable":true,"href":"https:\/\/archive.sana.sy\/tr\/index.php?rest_route=%2Fwp%2Fv2%2Fcomments&post=312571"}],"version-history":[{"count":1,"href":"https:\/\/archive.sana.sy\/tr\/index.php?rest_route=\/wp\/v2\/posts\/312571\/revisions"}],"predecessor-version":[{"id":312573,"href":"https:\/\/archive.sana.sy\/tr\/index.php?rest_route=\/wp\/v2\/posts\/312571\/revisions\/312573"}],"wp:featuredmedia":[{"embeddable":true,"href":"https:\/\/archive.sana.sy\/tr\/index.php?rest_route=\/wp\/v2\/media\/312572"}],"wp:attachment":[{"href":"https:\/\/archive.sana.sy\/tr\/index.php?rest_route=%2Fwp%2Fv2%2Fmedia&parent=312571"}],"wp:term":[{"taxonomy":"category","embeddable":true,"href":"https:\/\/archive.sana.sy\/tr\/index.php?rest_route=%2Fwp%2Fv2%2Fcategories&post=312571"},{"taxonomy":"post_tag","embeddable":true,"href":"https:\/\/archive.sana.sy\/tr\/index.php?rest_route=%2Fwp%2Fv2%2Ftags&post=312571"}],"curies":[{"name":"wp","href":"https:\/\/api.w.org\/{rel}","templated":true}]}}