{"id":312578,"date":"2024-12-03T14:30:28","date_gmt":"2024-12-03T11:30:28","guid":{"rendered":"https:\/\/sana.sy\/tr\/?p=312578"},"modified":"2024-12-03T18:33:30","modified_gmt":"2024-12-03T15:33:30","slug":"el-araci-abdnin-bagdat-buyukelcisine-irak-suriyenin-maruz-kaldigi-teror-eylemlerini-reddediyor","status":"publish","type":"post","link":"https:\/\/archive.sana.sy\/tr\/?p=312578","title":{"rendered":"El Araci, ABD&#8217;nin Ba\u011fdat B\u00fcy\u00fckel\u00e7isi&#8217;ne: Irak, Suriye&#8217;nin Maruz Kald\u0131\u011f\u0131 Ter\u00f6r Eylemlerini Reddediyor"},"content":{"rendered":"<p style=\"text-align: justify;\"><span style=\"color: #800000;\"><strong>BA\u011eDAT (SANA)<\/strong><\/span> &#8211; \u00a0Irak Ulusal G\u00fcvenlik Dan\u0131\u015fman\u0131 Kas\u0131m El Araci, \u00fclkesinin Suriye&#8217;nin maruz kald\u0131\u011f\u0131 ter\u00f6r sald\u0131r\u0131lar\u0131n\u0131 reddeden tutumunu do\u011frulad\u0131.<\/p>\n<p style=\"text-align: justify;\">Al-Sumaria News web sitesi, El Araci&#8217;nin ofisinden yap\u0131lan a\u00e7\u0131klamada, &#8220;El Araci, ABD&#8217;nin Ba\u011fdat B\u00fcy\u00fckel\u00e7isi Elena Romanowski ile b\u00f6lgedeki durumdaki son geli\u015fmeleri, \u00f6zellikle de kom\u015fu Suriye&#8217;de ger\u00e7ekle\u015fen ter\u00f6r operasyonlar\u0131n\u0131 g\u00f6r\u00fc\u015ft\u00fc&#8221; diyerek,\u00a0 Irak&#8217;\u0131n Suriye&#8217;de bu ter\u00f6rist gruplar\u0131n yapt\u0131klar\u0131n\u0131 reddeden tavr\u0131n\u0131 vurgulad\u0131.<\/p>\n<p style=\"text-align: justify;\">\u00d6te yandan El Araci, L\u00fcbnan&#8217;da ate\u015fkes anla\u015fmas\u0131na sayg\u0131 duyulmas\u0131 gerekti\u011fini vurgulayarak, anla\u015fman\u0131n \u00e7\u00f6kmesinin L\u00fcbnan ve b\u00f6lge a\u00e7\u0131s\u0131ndan ciddi yans\u0131malar\u0131 olaca\u011f\u0131n\u0131 a\u00e7\u0131klad\u0131.<\/p>\n<p style=\"text-align: center;\"><strong><a href=\"https:\/\/t.me\/SuriyeArapHaberAjansI\">Telegram Kanal\u0131m\u0131z\u00a0<\/a><span style=\"color: #ff0000;\">||<\/span><a href=\"https:\/\/twitter.com\/arap_ajans\">X Platformumuz\u00a0<\/a><span style=\"color: #ff0000;\">||<\/span><a href=\"https:\/\/www.facebook.com\/SANAHaberAjansi\/\">Facebook Sayfam\u0131z<\/a><\/strong><\/p>\n","protected":false},"excerpt":{"rendered":"<p>BA\u011eDAT (SANA) &#8211; \u00a0Irak Ulusal G\u00fcvenlik Dan\u0131\u015fman\u0131 Kas\u0131m El Araci, \u00fclkesinin Suriye&#8217;nin maruz kald\u0131\u011f\u0131 ter\u00f6r sald\u0131r\u0131lar\u0131n\u0131 reddeden tutumunu do\u011frulad\u0131. Al-Sumaria News web sitesi, El Araci&#8217;nin ofisinden yap\u0131lan a\u00e7\u0131klamada, &#8220;El Araci, ABD&#8217;nin Ba\u011fdat B\u00fcy\u00fckel\u00e7isi Elena Romanowski ile b\u00f6lgedeki durumdaki son geli\u015fmeleri, \u00f6zellikle de kom\u015fu Suriye&#8217;de ger\u00e7ekle\u015fen ter\u00f6r operasyonlar\u0131n\u0131 g\u00f6r\u00fc\u015ft\u00fc&#8221; diyerek,\u00a0 Irak&#8217;\u0131n Suriye&#8217;de bu ter\u00f6rist gruplar\u0131n yapt\u0131klar\u0131n\u0131 &hellip;<\/p>\n","protected":false},"author":41,"featured_media":312579,"comment_status":"closed","ping_status":"closed","sticky":false,"template":"","format":"standard","meta":{"footnotes":""},"categories":[458,589,459,17988],"tags":[43016,43015,19043,43017],"class_list":["post-312578","post","type-post","status-publish","format-standard","has-post-thumbnail","","category-dunya1","category-haber-seridi","category-haberler-arap-uluslararasi-politika","category-son-haberler","tag-abdnin-bagdat-buyukelcisine-irak","tag-el-araci","tag-suriyede-son-durum","tag-suriyenin-maruz-kaldigi-teror-eylemlerini-reddediyor"],"_links":{"self":[{"href":"https:\/\/archive.sana.sy\/tr\/index.php?rest_route=\/wp\/v2\/posts\/312578","targetHints":{"allow":["GET"]}}],"collection":[{"href":"https:\/\/archive.sana.sy\/tr\/index.php?rest_route=\/wp\/v2\/posts"}],"about":[{"href":"https:\/\/archive.sana.sy\/tr\/index.php?rest_route=\/wp\/v2\/types\/post"}],"author":[{"embeddable":true,"href":"https:\/\/archive.sana.sy\/tr\/index.php?rest_route=\/wp\/v2\/users\/41"}],"replies":[{"embeddable":true,"href":"https:\/\/archive.sana.sy\/tr\/index.php?rest_route=%2Fwp%2Fv2%2Fcomments&post=312578"}],"version-history":[{"count":1,"href":"https:\/\/archive.sana.sy\/tr\/index.php?rest_route=\/wp\/v2\/posts\/312578\/revisions"}],"predecessor-version":[{"id":312580,"href":"https:\/\/archive.sana.sy\/tr\/index.php?rest_route=\/wp\/v2\/posts\/312578\/revisions\/312580"}],"wp:featuredmedia":[{"embeddable":true,"href":"https:\/\/archive.sana.sy\/tr\/index.php?rest_route=\/wp\/v2\/media\/312579"}],"wp:attachment":[{"href":"https:\/\/archive.sana.sy\/tr\/index.php?rest_route=%2Fwp%2Fv2%2Fmedia&parent=312578"}],"wp:term":[{"taxonomy":"category","embeddable":true,"href":"https:\/\/archive.sana.sy\/tr\/index.php?rest_route=%2Fwp%2Fv2%2Fcategories&post=312578"},{"taxonomy":"post_tag","embeddable":true,"href":"https:\/\/archive.sana.sy\/tr\/index.php?rest_route=%2Fwp%2Fv2%2Ftags&post=312578"}],"curies":[{"name":"wp","href":"https:\/\/api.w.org\/{rel}","templated":true}]}}