{"id":312585,"date":"2024-12-03T18:32:58","date_gmt":"2024-12-03T15:32:58","guid":{"rendered":"https:\/\/sana.sy\/tr\/?p=312585"},"modified":"2024-12-03T18:32:58","modified_gmt":"2024-12-03T15:32:58","slug":"sudaniden-erdogana-irak-suriyedeki-tehlikeli-yansimalara-seyirci-kalmayacaktir","status":"publish","type":"post","link":"https:\/\/archive.sana.sy\/tr\/?p=312585","title":{"rendered":"Sudani&#8217;den Erdo\u011fan&#8217;a: Irak, Suriye&#8217;deki Tehlikeli Yans\u0131malara Seyirci Kalmayacakt\u0131r"},"content":{"rendered":"<p style=\"text-align: justify;\"><span style=\"color: #800000;\"><strong>BA\u011eDAT (SANA)<\/strong> &#8211;<\/span> Irak Ba\u015fbakan\u0131 Muhammed \u015eeyya El Sudani, T\u00fcrk rejiminin Cumhurba\u015fkan\u0131 Recep Tayyip Erdo\u011fan&#8217;a, Irak&#8217;\u0131n Suriye&#8217;de meydana gelen tehlikeli yans\u0131malara seyirci kalmayaca\u011f\u0131n\u0131 bildirdi.<\/p>\n<p style=\"text-align: justify;\">Irak Haber Ajans\u0131, Ba\u015fbakan Muhammed \u015eeyya El Sudani&#8217;nin T\u00fcrkiye Cumhurba\u015fkan\u0131 Recep Tayyip Erdo\u011fan ile Suriye ve b\u00f6lgedeki en son g\u00fcvenlik ve saha geli\u015fmelerine odaklanan telefon g\u00f6r\u00fc\u015fmeleri yapt\u0131\u011f\u0131n\u0131 s\u00f6yledi.<\/p>\n<p style=\"text-align: justify;\">Ajans,\u00a0 &#8220;Ba\u015fbakan, T\u00fcrkiye Cumhurba\u015fkan\u0131&#8217;na, Irak&#8217;\u0131n Suriye&#8217;de meydana gelen tehlikeli yans\u0131malara, \u00f6zellikle oradaki unsurlara y\u00f6nelik etnik temizli\u011fe seyirci kalmayaca\u011f\u0131n\u0131 ve izlemeyece\u011fini bildirdi&#8221; diyerek, Irak&#8217;\u0131n daha \u00f6nce de ter\u00f6rizmden ve a\u015f\u0131r\u0131 \u00f6rg\u00fctlerin Suriye&#8217;deki b\u00f6lgeleri kontrol etmesinden zarar g\u00f6rd\u00fc\u011f\u00fcn\u00fc ve bunun bir daha olmas\u0131na izin verilmeyece\u011finin alt\u0131n\u0131 \u00e7izdi.<\/p>\n<p style=\"text-align: justify;\">Irakl\u0131 Ba\u015fbakan ayr\u0131ca, &#8220;Suriye&#8217;nin birli\u011fine ve egemenli\u011fine sayg\u0131 duyman\u0131n \u00f6nemini ve Irak&#8217;\u0131n kendi g\u00fcvenli\u011fini ve Suriye&#8217;nin g\u00fcvenli\u011fini korumak i\u00e7in her t\u00fcrl\u00fc \u00e7abay\u0131 g\u00f6sterece\u011fini&#8221; vurgulad\u0131.<\/p>\n<p style=\"text-align: justify;\">Irak Ba\u015fbakan\u0131, \u00a0\u201c\u0130slam \u00fclkelerinin i\u00e7 b\u00f6l\u00fcnmeye ihtiyac\u0131 yok ve bug\u00fcn Suriye&#8217;de olup bitenler, ter\u00f6rist gruplar\u0131n Suriye&#8217;deki ek b\u00f6lgeleri kontrol etmesinin \u00f6n\u00fcn\u00fc a\u00e7acak \u015fekilde Suriye ordusunun mevzilerini kasten bombalayan Siyonist varl\u0131\u011f\u0131n \u00e7\u0131kar\u0131nad\u0131r\u2019\u2019 ifadelerini s\u00f6zlerine ekledi.<\/p>\n<p style=\"text-align: center;\"><strong><a href=\"https:\/\/t.me\/SuriyeArapHaberAjansI\">Telegram Kanal\u0131m\u0131z\u00a0<\/a><span style=\"color: #ff0000;\">||<\/span><a href=\"https:\/\/twitter.com\/arap_ajans\">X Platformumuz<span style=\"color: #ff0000;\">\u00a0<\/span><\/a><span style=\"color: #ff0000;\">||<\/span><a href=\"https:\/\/www.facebook.com\/SANAHaberAjansi\/\">Facebook Sayfam\u0131z<\/a><\/strong><\/p>\n","protected":false},"excerpt":{"rendered":"<p>BA\u011eDAT (SANA) &#8211; Irak Ba\u015fbakan\u0131 Muhammed \u015eeyya El Sudani, T\u00fcrk rejiminin Cumhurba\u015fkan\u0131 Recep Tayyip Erdo\u011fan&#8217;a, Irak&#8217;\u0131n Suriye&#8217;de meydana gelen tehlikeli yans\u0131malara seyirci kalmayaca\u011f\u0131n\u0131 bildirdi. Irak Haber Ajans\u0131, Ba\u015fbakan Muhammed \u015eeyya El Sudani&#8217;nin T\u00fcrkiye Cumhurba\u015fkan\u0131 Recep Tayyip Erdo\u011fan ile Suriye ve b\u00f6lgedeki en son g\u00fcvenlik ve saha geli\u015fmelerine odaklanan telefon g\u00f6r\u00fc\u015fmeleri yapt\u0131\u011f\u0131n\u0131 s\u00f6yledi. Ajans,\u00a0 &#8220;Ba\u015fbakan, T\u00fcrkiye &hellip;<\/p>\n","protected":false},"author":41,"featured_media":312586,"comment_status":"closed","ping_status":"closed","sticky":false,"template":"","format":"standard","meta":{"footnotes":""},"categories":[458,589,459,17988],"tags":[43021,19043,38641,43022,43023],"class_list":["post-312585","post","type-post","status-publish","format-standard","has-post-thumbnail","","category-dunya1","category-haber-seridi","category-haberler-arap-uluslararasi-politika","category-son-haberler","tag-sudaniden-erdogana-irak","tag-suriyede-son-durum","tag-suriyede-son-gelimeler","tag-suriyedeki-tehlikeli-yansimalara-seyirci-kalmayacaktir","tag-suriyedeki-turkiye-varligi"],"_links":{"self":[{"href":"https:\/\/archive.sana.sy\/tr\/index.php?rest_route=\/wp\/v2\/posts\/312585","targetHints":{"allow":["GET"]}}],"collection":[{"href":"https:\/\/archive.sana.sy\/tr\/index.php?rest_route=\/wp\/v2\/posts"}],"about":[{"href":"https:\/\/archive.sana.sy\/tr\/index.php?rest_route=\/wp\/v2\/types\/post"}],"author":[{"embeddable":true,"href":"https:\/\/archive.sana.sy\/tr\/index.php?rest_route=\/wp\/v2\/users\/41"}],"replies":[{"embeddable":true,"href":"https:\/\/archive.sana.sy\/tr\/index.php?rest_route=%2Fwp%2Fv2%2Fcomments&post=312585"}],"version-history":[{"count":1,"href":"https:\/\/archive.sana.sy\/tr\/index.php?rest_route=\/wp\/v2\/posts\/312585\/revisions"}],"predecessor-version":[{"id":312587,"href":"https:\/\/archive.sana.sy\/tr\/index.php?rest_route=\/wp\/v2\/posts\/312585\/revisions\/312587"}],"wp:featuredmedia":[{"embeddable":true,"href":"https:\/\/archive.sana.sy\/tr\/index.php?rest_route=\/wp\/v2\/media\/312586"}],"wp:attachment":[{"href":"https:\/\/archive.sana.sy\/tr\/index.php?rest_route=%2Fwp%2Fv2%2Fmedia&parent=312585"}],"wp:term":[{"taxonomy":"category","embeddable":true,"href":"https:\/\/archive.sana.sy\/tr\/index.php?rest_route=%2Fwp%2Fv2%2Fcategories&post=312585"},{"taxonomy":"post_tag","embeddable":true,"href":"https:\/\/archive.sana.sy\/tr\/index.php?rest_route=%2Fwp%2Fv2%2Ftags&post=312585"}],"curies":[{"name":"wp","href":"https:\/\/api.w.org\/{rel}","templated":true}]}}