{"id":312588,"date":"2024-12-03T20:18:48","date_gmt":"2024-12-03T17:18:48","guid":{"rendered":"https:\/\/sana.sy\/tr\/?p=312588"},"modified":"2024-12-03T20:18:48","modified_gmt":"2024-12-03T17:18:48","slug":"silahli-kuvvetlerimiz-son-24-saat-icerisinde-teror-orgutlerine-yonelik-bir-dizi-hassas-saldiri-gerceklestirerek-sozde-teror-orgutu-heyet-tahrir-el-sama-ait-bir-operasyon-karargahinin-cesitli-muhim","status":"publish","type":"post","link":"https:\/\/archive.sana.sy\/tr\/?p=312588","title":{"rendered":"Silahl\u0131 kuvvetlerimiz son 24 saat i\u00e7erisinde ter\u00f6r \u00f6rg\u00fctlerine y\u00f6nelik bir dizi hassas sald\u0131r\u0131 ger\u00e7ekle\u015ftirerek, s\u00f6zde ter\u00f6r \u00f6rg\u00fct\u00fc Heyet Tahrir el \u015eam&#8217;a ait bir operasyon kararg\u00e2h\u0131n\u0131n, \u00e7e\u015fitli m\u00fchimmat ve de\u011fi\u015fik t\u00fcrlerden mermiler yer ald\u0131\u011f\u0131 3 depo yan\u0131 s\u0131ra ter\u00f6r \u00f6rg\u00fctlerine ait Z\u0131rhl\u0131 ara\u00e7lar ile d\u00f6rt \u00e7eker ara\u00e7lar da imha etti."},"content":{"rendered":"<p>Silahl\u0131 kuvvetlerimiz son 24 saat i\u00e7erisinde ter\u00f6r \u00f6rg\u00fctlerine y\u00f6nelik bir dizi hassas sald\u0131r\u0131 ger\u00e7ekle\u015ftirerek, s\u00f6zde ter\u00f6r \u00f6rg\u00fct\u00fc Heyet Tahrir el \u015eam&#8217;a ait bir operasyon kararg\u00e2h\u0131n\u0131n, \u00e7e\u015fitli m\u00fchimmat ve de\u011fi\u015fik t\u00fcrlerden mermiler yer ald\u0131\u011f\u0131 3 depo yan\u0131 s\u0131ra ter\u00f6r \u00f6rg\u00fctlerine ait Z\u0131rhl\u0131 ara\u00e7lar ile d\u00f6rt \u00e7eker ara\u00e7lar da imha etti.<\/p>\n","protected":false},"excerpt":{"rendered":"<p>Silahl\u0131 kuvvetlerimiz son 24 saat i\u00e7erisinde ter\u00f6r \u00f6rg\u00fctlerine y\u00f6nelik bir dizi hassas sald\u0131r\u0131 ger\u00e7ekle\u015ftirerek, s\u00f6zde ter\u00f6r \u00f6rg\u00fct\u00fc Heyet Tahrir el \u015eam&#8217;a ait bir operasyon kararg\u00e2h\u0131n\u0131n, \u00e7e\u015fitli m\u00fchimmat ve de\u011fi\u015fik t\u00fcrlerden mermiler yer ald\u0131\u011f\u0131 3 depo yan\u0131 s\u0131ra ter\u00f6r \u00f6rg\u00fctlerine ait Z\u0131rhl\u0131 ara\u00e7lar ile d\u00f6rt \u00e7eker ara\u00e7lar da imha etti.<\/p>\n","protected":false},"author":41,"featured_media":0,"comment_status":"closed","ping_status":"closed","sticky":false,"template":"","format":"standard","meta":{"footnotes":""},"categories":[17991],"tags":[],"class_list":["post-312588","post","type-post","status-publish","format-standard","","category-son-dakika"],"_links":{"self":[{"href":"https:\/\/archive.sana.sy\/tr\/index.php?rest_route=\/wp\/v2\/posts\/312588","targetHints":{"allow":["GET"]}}],"collection":[{"href":"https:\/\/archive.sana.sy\/tr\/index.php?rest_route=\/wp\/v2\/posts"}],"about":[{"href":"https:\/\/archive.sana.sy\/tr\/index.php?rest_route=\/wp\/v2\/types\/post"}],"author":[{"embeddable":true,"href":"https:\/\/archive.sana.sy\/tr\/index.php?rest_route=\/wp\/v2\/users\/41"}],"replies":[{"embeddable":true,"href":"https:\/\/archive.sana.sy\/tr\/index.php?rest_route=%2Fwp%2Fv2%2Fcomments&post=312588"}],"version-history":[{"count":1,"href":"https:\/\/archive.sana.sy\/tr\/index.php?rest_route=\/wp\/v2\/posts\/312588\/revisions"}],"predecessor-version":[{"id":312589,"href":"https:\/\/archive.sana.sy\/tr\/index.php?rest_route=\/wp\/v2\/posts\/312588\/revisions\/312589"}],"wp:attachment":[{"href":"https:\/\/archive.sana.sy\/tr\/index.php?rest_route=%2Fwp%2Fv2%2Fmedia&parent=312588"}],"wp:term":[{"taxonomy":"category","embeddable":true,"href":"https:\/\/archive.sana.sy\/tr\/index.php?rest_route=%2Fwp%2Fv2%2Fcategories&post=312588"},{"taxonomy":"post_tag","embeddable":true,"href":"https:\/\/archive.sana.sy\/tr\/index.php?rest_route=%2Fwp%2Fv2%2Ftags&post=312588"}],"curies":[{"name":"wp","href":"https:\/\/api.w.org\/{rel}","templated":true}]}}