{"id":312591,"date":"2024-12-03T20:26:01","date_gmt":"2024-12-03T17:26:01","guid":{"rendered":"https:\/\/sana.sy\/tr\/?p=312591"},"modified":"2024-12-04T08:46:19","modified_gmt":"2024-12-04T05:46:19","slug":"arakci-iranin-suriyedeki-durumu-sakinlestirecek-bircok-yetenegi-var","status":"publish","type":"post","link":"https:\/\/archive.sana.sy\/tr\/?p=312591","title":{"rendered":"Erak\u00e7i: \u0130ran&#8217;\u0131n Suriye&#8217;deki Durumu Sakinle\u015ftirecek Bir\u00e7ok Yetene\u011fi Var"},"content":{"rendered":"<p style=\"text-align: justify;\"><strong>TAHRAN (SANA) &#8211;<\/strong> \u0130ran D\u0131\u015fi\u015fleri Bakan\u0131 Abbas Erak\u00e7i, ter\u00f6r gruplar\u0131n\u0131n Suriye&#8217;deki faaliyetlerinin geni\u015flemesinin \u0130ran&#8217;dan \u00e7ok Suriye&#8217;nin kom\u015fu \u00fclkeleri olan Irak, \u00dcrd\u00fcn ve T\u00fcrkiye&#8217;ye zarar verebilece\u011fi uyar\u0131s\u0131nda bulundu.<\/p>\n<p style=\"text-align: justify;\">Bug\u00fcn bas\u0131na verdi\u011fi r\u00f6portajda Erak\u00e7i, Suriye&#8217;deki durumu g\u00f6r\u00fc\u015fmek \u00fczere Rusya&#8217;ya gitmeyi d\u00fc\u015f\u00fcnd\u00fc\u011f\u00fcn\u00fc belirterek, \u00fclkesinin oradaki durumu sakinle\u015ftirecek, inisiyatif alma ve kal\u0131c\u0131 \u00e7\u00f6z\u00fcm bulma f\u0131rsat\u0131 yaratacak bir\u00e7ok niteli\u011fe sahip oldu\u011funu belirtti.<\/p>\n<p style=\"text-align: justify;\">Erak\u00e7i, Suriye&#8217;nin \u0130ran&#8217;dan g\u00fc\u00e7 g\u00f6ndermesini istemesi durumunda bu talebi de\u011ferlendirece\u011fimizi, \u0130ran&#8217;\u0131n Arap \u00fclkelerindeki direni\u015f gruplar\u0131na liderlik etmedi\u011fini ve onlarla \u00f6rg\u00fctsel ili\u015fkileri bulunmad\u0131\u011f\u0131n\u0131, aksine onlar\u0131n davas\u0131n\u0131 destekledi\u011fini ve gerekirse onlara yard\u0131m edece\u011fini ifade etti. .<\/p>\n<p style=\"text-align: justify;\">\u0130ran n\u00fckleer m\u00fczakerelerine de de\u011finen Erak\u00e7i, \u015funlar\u0131 s\u00f6yledi: N\u00fckleer dosya konusunda Avrupa ile m\u00fczakereler konusunda karamsar olmak i\u00e7in bir\u00e7ok nedenimiz var ve \u015fu anda Washington ile g\u00f6r\u00fc\u015fmeyi d\u00fc\u015f\u00fcnm\u00fcyoruz \u00e7\u00fcnk\u00fc b\u00f6yle bir diyalo\u011fun temeli yok. Yeni Amerikan h\u00fck\u00fcmetinin nas\u0131l politikalar izleyece\u011fini g\u00f6rece\u011fiz ve buna g\u00f6re kendi politikam\u0131z\u0131 \u00e7izece\u011fiz.<\/p>\n<p style=\"text-align: center;\"><strong><a href=\"https:\/\/t.me\/SuriyeArapHaberAjansI\">Telegram Kanal\u0131m\u0131z\u00a0<\/a>||<a href=\"https:\/\/twitter.com\/arap_ajans\">X Platformumuz\u00a0<\/a>||<a href=\"https:\/\/www.facebook.com\/SANAHaberAjansi\/\">Facebook Sayfam\u0131z<\/a><\/strong><\/p>\n","protected":false},"excerpt":{"rendered":"<p>TAHRAN (SANA) &#8211; \u0130ran D\u0131\u015fi\u015fleri Bakan\u0131 Abbas Erak\u00e7i, ter\u00f6r gruplar\u0131n\u0131n Suriye&#8217;deki faaliyetlerinin geni\u015flemesinin \u0130ran&#8217;dan \u00e7ok Suriye&#8217;nin kom\u015fu \u00fclkeleri olan Irak, \u00dcrd\u00fcn ve T\u00fcrkiye&#8217;ye zarar verebilece\u011fi uyar\u0131s\u0131nda bulundu. Bug\u00fcn bas\u0131na verdi\u011fi r\u00f6portajda Erak\u00e7i, Suriye&#8217;deki durumu g\u00f6r\u00fc\u015fmek \u00fczere Rusya&#8217;ya gitmeyi d\u00fc\u015f\u00fcnd\u00fc\u011f\u00fcn\u00fc belirterek, \u00fclkesinin oradaki durumu sakinle\u015ftirecek, inisiyatif alma ve kal\u0131c\u0131 \u00e7\u00f6z\u00fcm bulma f\u0131rsat\u0131 yaratacak bir\u00e7ok niteli\u011fe sahip &hellip;<\/p>\n","protected":false},"author":41,"featured_media":312594,"comment_status":"closed","ping_status":"closed","sticky":false,"template":"","format":"standard","meta":{"footnotes":""},"categories":[589,17988,2554,2555],"tags":[],"class_list":["post-312591","post","type-post","status-publish","format-standard","has-post-thumbnail","","category-haber-seridi","category-son-haberler","category-suriye-ve-dunya","category-suriye-ve-turkiye"],"_links":{"self":[{"href":"https:\/\/archive.sana.sy\/tr\/index.php?rest_route=\/wp\/v2\/posts\/312591","targetHints":{"allow":["GET"]}}],"collection":[{"href":"https:\/\/archive.sana.sy\/tr\/index.php?rest_route=\/wp\/v2\/posts"}],"about":[{"href":"https:\/\/archive.sana.sy\/tr\/index.php?rest_route=\/wp\/v2\/types\/post"}],"author":[{"embeddable":true,"href":"https:\/\/archive.sana.sy\/tr\/index.php?rest_route=\/wp\/v2\/users\/41"}],"replies":[{"embeddable":true,"href":"https:\/\/archive.sana.sy\/tr\/index.php?rest_route=%2Fwp%2Fv2%2Fcomments&post=312591"}],"version-history":[{"count":2,"href":"https:\/\/archive.sana.sy\/tr\/index.php?rest_route=\/wp\/v2\/posts\/312591\/revisions"}],"predecessor-version":[{"id":312608,"href":"https:\/\/archive.sana.sy\/tr\/index.php?rest_route=\/wp\/v2\/posts\/312591\/revisions\/312608"}],"wp:featuredmedia":[{"embeddable":true,"href":"https:\/\/archive.sana.sy\/tr\/index.php?rest_route=\/wp\/v2\/media\/312594"}],"wp:attachment":[{"href":"https:\/\/archive.sana.sy\/tr\/index.php?rest_route=%2Fwp%2Fv2%2Fmedia&parent=312591"}],"wp:term":[{"taxonomy":"category","embeddable":true,"href":"https:\/\/archive.sana.sy\/tr\/index.php?rest_route=%2Fwp%2Fv2%2Fcategories&post=312591"},{"taxonomy":"post_tag","embeddable":true,"href":"https:\/\/archive.sana.sy\/tr\/index.php?rest_route=%2Fwp%2Fv2%2Ftags&post=312591"}],"curies":[{"name":"wp","href":"https:\/\/api.w.org\/{rel}","templated":true}]}}