{"id":312596,"date":"2024-12-03T23:03:56","date_gmt":"2024-12-03T20:03:56","guid":{"rendered":"https:\/\/sana.sy\/tr\/?p=312596"},"modified":"2024-12-03T23:03:56","modified_gmt":"2024-12-03T20:03:56","slug":"askeri-kaynak-teror-orgutlerine-bagli-sayfalarda-ve-bazi-medya-kanallarinda-hamanin-el-sevaik-ve-el-mezareb-mahallelerine-teroristlerin-girdigi-yonunde-cikan-haberlerin-asli-yoktur-bu-haberlerin","status":"publish","type":"post","link":"https:\/\/archive.sana.sy\/tr\/?p=312596","title":{"rendered":"Askeri kaynak: Ter\u00f6r \u00f6rg\u00fctlerine ba\u011fl\u0131 sayfalarda ve baz\u0131 medya kanallar\u0131nda Hama&#8217;n\u0131n El-Sev\u00e2ik ve El-Mezareb mahallelerine ter\u00f6ristlerin girdi\u011fi y\u00f6n\u00fcnde \u00e7\u0131kan haberlerin asl\u0131 yoktur.  Bu haberlerin tamam\u0131 yan\u0131lt\u0131c\u0131 medya sava\u015f\u0131n\u0131n \u00e7er\u00e7evesine giriyor. Silahl\u0131 kuvvetlerimiz \u015fehrin d\u0131\u015f mahallelerinde ve ileri istikametlerde m\u00fcstahkem savunma noktalar\u0131nda mevcut olup, silahl\u0131 ter\u00f6r \u00f6rg\u00fctlerinin girdi\u011fi bir\u00e7ok yer ve kasaban\u0131n yeniden kontrol alt\u0131na al\u0131nmas\u0131na y\u00f6nelik \u00e7al\u0131\u015fmalar da yap\u0131lmaktad\u0131r."},"content":{"rendered":"<p>Askeri kaynak: Ter\u00f6r \u00f6rg\u00fctlerine ba\u011fl\u0131 sayfalarda ve baz\u0131 medya kanallar\u0131nda Hama&#8217;n\u0131n El-Sev\u00e2ik ve El-Mezareb mahallelerine ter\u00f6ristlerin girdi\u011fi y\u00f6n\u00fcnde \u00e7\u0131kan haberlerin asl\u0131 yoktur.<br \/>\nBu haberlerin tamam\u0131 yan\u0131lt\u0131c\u0131 medya sava\u015f\u0131n\u0131n \u00e7er\u00e7evesine giriyor.<br \/>\nSilahl\u0131 kuvvetlerimiz \u015fehrin d\u0131\u015f mahallelerinde ve ileri istikametlerde m\u00fcstahkem savunma noktalar\u0131nda mevcut olup, silahl\u0131 ter\u00f6r \u00f6rg\u00fctlerinin girdi\u011fi bir\u00e7ok yer ve kasaban\u0131n yeniden kontrol alt\u0131na al\u0131nmas\u0131na y\u00f6nelik \u00e7al\u0131\u015fmalar da yap\u0131lmaktad\u0131r.<\/p>\n","protected":false},"excerpt":{"rendered":"<p>Askeri kaynak: Ter\u00f6r \u00f6rg\u00fctlerine ba\u011fl\u0131 sayfalarda ve baz\u0131 medya kanallar\u0131nda Hama&#8217;n\u0131n El-Sev\u00e2ik ve El-Mezareb mahallelerine ter\u00f6ristlerin girdi\u011fi y\u00f6n\u00fcnde \u00e7\u0131kan haberlerin asl\u0131 yoktur. Bu haberlerin tamam\u0131 yan\u0131lt\u0131c\u0131 medya sava\u015f\u0131n\u0131n \u00e7er\u00e7evesine giriyor. Silahl\u0131 kuvvetlerimiz \u015fehrin d\u0131\u015f mahallelerinde ve ileri istikametlerde m\u00fcstahkem savunma noktalar\u0131nda mevcut olup, silahl\u0131 ter\u00f6r \u00f6rg\u00fctlerinin girdi\u011fi bir\u00e7ok yer ve kasaban\u0131n yeniden kontrol alt\u0131na al\u0131nmas\u0131na &hellip;<\/p>\n","protected":false},"author":41,"featured_media":0,"comment_status":"closed","ping_status":"closed","sticky":false,"template":"","format":"standard","meta":{"footnotes":""},"categories":[17991],"tags":[],"class_list":["post-312596","post","type-post","status-publish","format-standard","","category-son-dakika"],"_links":{"self":[{"href":"https:\/\/archive.sana.sy\/tr\/index.php?rest_route=\/wp\/v2\/posts\/312596","targetHints":{"allow":["GET"]}}],"collection":[{"href":"https:\/\/archive.sana.sy\/tr\/index.php?rest_route=\/wp\/v2\/posts"}],"about":[{"href":"https:\/\/archive.sana.sy\/tr\/index.php?rest_route=\/wp\/v2\/types\/post"}],"author":[{"embeddable":true,"href":"https:\/\/archive.sana.sy\/tr\/index.php?rest_route=\/wp\/v2\/users\/41"}],"replies":[{"embeddable":true,"href":"https:\/\/archive.sana.sy\/tr\/index.php?rest_route=%2Fwp%2Fv2%2Fcomments&post=312596"}],"version-history":[{"count":1,"href":"https:\/\/archive.sana.sy\/tr\/index.php?rest_route=\/wp\/v2\/posts\/312596\/revisions"}],"predecessor-version":[{"id":312602,"href":"https:\/\/archive.sana.sy\/tr\/index.php?rest_route=\/wp\/v2\/posts\/312596\/revisions\/312602"}],"wp:attachment":[{"href":"https:\/\/archive.sana.sy\/tr\/index.php?rest_route=%2Fwp%2Fv2%2Fmedia&parent=312596"}],"wp:term":[{"taxonomy":"category","embeddable":true,"href":"https:\/\/archive.sana.sy\/tr\/index.php?rest_route=%2Fwp%2Fv2%2Fcategories&post=312596"},{"taxonomy":"post_tag","embeddable":true,"href":"https:\/\/archive.sana.sy\/tr\/index.php?rest_route=%2Fwp%2Fv2%2Ftags&post=312596"}],"curies":[{"name":"wp","href":"https:\/\/api.w.org\/{rel}","templated":true}]}}