{"id":312603,"date":"2024-12-03T23:13:06","date_gmt":"2024-12-03T20:13:06","guid":{"rendered":"https:\/\/sana.sy\/tr\/?p=312603"},"modified":"2024-12-03T23:13:54","modified_gmt":"2024-12-03T20:13:54","slug":"hama-sehrinde-bulunan-gucleri-desteklemek-icin-buyuk-takviyeler","status":"publish","type":"post","link":"https:\/\/archive.sana.sy\/tr\/?p=312603","title":{"rendered":"Hama \u015eehrinde Bulunan G\u00fc\u00e7leri Desteklemek \u0130\u00e7in B\u00fcy\u00fck Takviyeler Vard\u0131"},"content":{"rendered":"<p style=\"text-align: justify;\"><strong>HAMA (SANA<\/strong><strong> )<\/strong> &#8211; Suriye Arap Ordusu&#8217;nun Hama kentindeki birliklerini desteklemek i\u00e7in ilave b\u00fcy\u00fck takviye kuvvetleri geldi.<\/p>\n<p style=\"text-align: justify;\">Bir askeri kaynak, SANA&#8217;ya yapt\u0131\u011f\u0131 a\u00e7\u0131klamada, &#8220;\u00d6n cephedeki g\u00fc\u00e7leri g\u00fc\u00e7lendirmek ve silahl\u0131 ter\u00f6r \u00f6rg\u00fctlerinin ba\u015flatabilece\u011fi her t\u00fcrl\u00fc sald\u0131r\u0131 giri\u015fimine kar\u015f\u0131 koymak \u00fczere Hama \u015fehrine b\u00fcy\u00fck askeri takviye birliklerinin geldi\u011fini&#8221; bildirdi.<\/p>\n<p style=\"text-align: justify;\">Savunma Bakanl\u0131\u011f\u0131 bug\u00fcn erken saatlerde silahl\u0131 kuvvetlerimizin &#8220;yabanc\u0131 uyruklu gruplar\u0131n liderleri de dahil olmak \u00fczere en az iki y\u00fcz ter\u00f6risti ortadan kald\u0131rabildi\u011fini ve ter\u00f6ristler taraf\u0131ndan g\u00fcvenli k\u00f6y ve kasabalara do\u011fru f\u0131rlat\u0131lan yirmiden fazla \u0130HA&#8217;y\u0131 imha edip vurabildi\u011fini&#8221; do\u011frulad\u0131.<\/p>\n<p style=\"text-align: center;\"><strong><a href=\"https:\/\/t.me\/SuriyeArapHaberAjansI\">Telegram Kanal\u0131m\u0131z\u00a0<\/a>||<a href=\"https:\/\/twitter.com\/arap_ajans\">X Platformumuz\u00a0<\/a>||<a href=\"https:\/\/www.facebook.com\/SANAHaberAjansi\/\">Facebook Sayfam\u0131z<\/a><\/strong><\/p>\n","protected":false},"excerpt":{"rendered":"<p>HAMA (SANA ) &#8211; Suriye Arap Ordusu&#8217;nun Hama kentindeki birliklerini desteklemek i\u00e7in ilave b\u00fcy\u00fck takviye kuvvetleri geldi. Bir askeri kaynak, SANA&#8217;ya yapt\u0131\u011f\u0131 a\u00e7\u0131klamada, &#8220;\u00d6n cephedeki g\u00fc\u00e7leri g\u00fc\u00e7lendirmek ve silahl\u0131 ter\u00f6r \u00f6rg\u00fctlerinin ba\u015flatabilece\u011fi her t\u00fcrl\u00fc sald\u0131r\u0131 giri\u015fimine kar\u015f\u0131 koymak \u00fczere Hama \u015fehrine b\u00fcy\u00fck askeri takviye birliklerinin geldi\u011fini&#8221; bildirdi. Savunma Bakanl\u0131\u011f\u0131 bug\u00fcn erken saatlerde silahl\u0131 kuvvetlerimizin &#8220;yabanc\u0131 &hellip;<\/p>\n","protected":false},"author":41,"featured_media":312604,"comment_status":"closed","ping_status":"closed","sticky":false,"template":"","format":"standard","meta":{"footnotes":""},"categories":[589,479,575,17988,478],"tags":[],"class_list":["post-312603","post","type-post","status-publish","format-standard","has-post-thumbnail","","category-haber-seridi","category-haberler-yerel","category-olaylar-ve-gercekler","category-son-haberler","category-yerel"],"_links":{"self":[{"href":"https:\/\/archive.sana.sy\/tr\/index.php?rest_route=\/wp\/v2\/posts\/312603","targetHints":{"allow":["GET"]}}],"collection":[{"href":"https:\/\/archive.sana.sy\/tr\/index.php?rest_route=\/wp\/v2\/posts"}],"about":[{"href":"https:\/\/archive.sana.sy\/tr\/index.php?rest_route=\/wp\/v2\/types\/post"}],"author":[{"embeddable":true,"href":"https:\/\/archive.sana.sy\/tr\/index.php?rest_route=\/wp\/v2\/users\/41"}],"replies":[{"embeddable":true,"href":"https:\/\/archive.sana.sy\/tr\/index.php?rest_route=%2Fwp%2Fv2%2Fcomments&post=312603"}],"version-history":[{"count":2,"href":"https:\/\/archive.sana.sy\/tr\/index.php?rest_route=\/wp\/v2\/posts\/312603\/revisions"}],"predecessor-version":[{"id":312606,"href":"https:\/\/archive.sana.sy\/tr\/index.php?rest_route=\/wp\/v2\/posts\/312603\/revisions\/312606"}],"wp:featuredmedia":[{"embeddable":true,"href":"https:\/\/archive.sana.sy\/tr\/index.php?rest_route=\/wp\/v2\/media\/312604"}],"wp:attachment":[{"href":"https:\/\/archive.sana.sy\/tr\/index.php?rest_route=%2Fwp%2Fv2%2Fmedia&parent=312603"}],"wp:term":[{"taxonomy":"category","embeddable":true,"href":"https:\/\/archive.sana.sy\/tr\/index.php?rest_route=%2Fwp%2Fv2%2Fcategories&post=312603"},{"taxonomy":"post_tag","embeddable":true,"href":"https:\/\/archive.sana.sy\/tr\/index.php?rest_route=%2Fwp%2Fv2%2Ftags&post=312603"}],"curies":[{"name":"wp","href":"https:\/\/api.w.org\/{rel}","templated":true}]}}