{"id":312609,"date":"2024-12-04T09:42:41","date_gmt":"2024-12-04T06:42:41","guid":{"rendered":"https:\/\/sana.sy\/tr\/?p=312609"},"modified":"2024-12-04T09:42:41","modified_gmt":"2024-12-04T06:42:41","slug":"arap-tey-asireti-terorist-orgutlerle-mucadelesinde-suriye-arap-ordusuna-tam-destegini-duyurdu","status":"publish","type":"post","link":"https:\/\/archive.sana.sy\/tr\/?p=312609","title":{"rendered":"Arap Tey A\u015fireti, Ter\u00f6rist \u00d6rg\u00fctlerle M\u00fccadelesinde Suriye Arap Ordusuna Tam Deste\u011fini Duyurdu"},"content":{"rendered":"<p style=\"text-align: justify;\"><strong>HASEKE (SANA) \u2013<\/strong> Arap Tey a\u015fireti, Siyonist varl\u0131\u011f\u0131n ve Amerikal\u0131 ve T\u00fcrk i\u015fgalcilerin destekledi\u011fi ter\u00f6rist \u00f6rg\u00fctlerle m\u00fccadelede Suriye Arap Ordusuna tam ve destekleyici destek verdi\u011fini ilan ederek, o\u011fullar\u0131n\u0131 vatan\u0131 savunmak i\u00e7in Suriye Arap Ordusu saflar\u0131na kat\u0131lmaya \u00e7a\u011f\u0131rd\u0131.<\/p>\n<p style=\"text-align: justify;\">\u015eeyh Dahir Muhammed El Faris taraf\u0131ndan temsil edilen kabile, yapt\u0131\u011f\u0131 a\u00e7\u0131klamada \u015funlar\u0131 do\u011frulad\u0131: &#8220;Suriyeli a\u015firet ve kabile, topraklar\u0131ndaki sava\u015f ve sald\u0131r\u0131 durumlar\u0131nda devleti ve askeri d\u00fczeni desteklemedeki rollerine ve vatan\u0131n onur ve gurur oldu\u011funa olan inan\u00e7lar\u0131na dayanarak, Tey a\u015fireti, Siyonist varl\u0131\u011f\u0131n destekledi\u011fi ter\u00f6rist gruplarla ve Amerikal\u0131 ve T\u00fcrk i\u015fgalcilerle m\u00fccadelesinde Suriye Arap Ordusuna tam ve destekleyici deste\u011fini ilan ediyor, Suriye Arap Ordusu kahramanlar\u0131n\u0131n bu \u00e7etelerle m\u00fccadeledeki cesaretini takdirle kar\u015f\u0131l\u0131yor ve a\u015firet \u00fcyelerini, su\u00e7 \u00e7etelerinin temiz topraklar\u0131m\u0131z\u0131 hedef alan bu sald\u0131r\u0131lar\u0131na kar\u015f\u0131 koymak i\u00e7in Suriye Arap Ordusu saflar\u0131na kat\u0131lmaya \u00e7a\u011f\u0131r\u0131yor.&#8221;<\/p>\n<p style=\"text-align: justify;\">A\u00e7\u0131klama ayr\u0131ca, a\u015firet ayd\u0131nlar\u0131na, sald\u0131rganl\u0131\u011fa ve ter\u00f6rizme destek veren kanallar\u0131n \u00f6nc\u00fcl\u00fck etti\u011fi medya sava\u015f\u0131yla y\u00fczle\u015fmeye, bunlar\u0131n yan\u0131lt\u0131c\u0131l\u0131\u011f\u0131n\u0131 a\u00e7\u0131\u011fa \u00e7\u0131karmaya ve ordunun ter\u00f6re kar\u015f\u0131 sava\u015f\u0131nda yan\u0131nda olan ulusal medyay\u0131 desteklemeye \u00e7a\u011fr\u0131ld\u0131.<\/p>\n","protected":false},"excerpt":{"rendered":"<p>HASEKE (SANA) \u2013 Arap Tey a\u015fireti, Siyonist varl\u0131\u011f\u0131n ve Amerikal\u0131 ve T\u00fcrk i\u015fgalcilerin destekledi\u011fi ter\u00f6rist \u00f6rg\u00fctlerle m\u00fccadelede Suriye Arap Ordusuna tam ve destekleyici destek verdi\u011fini ilan ederek, o\u011fullar\u0131n\u0131 vatan\u0131 savunmak i\u00e7in Suriye Arap Ordusu saflar\u0131na kat\u0131lmaya \u00e7a\u011f\u0131rd\u0131. \u015eeyh Dahir Muhammed El Faris taraf\u0131ndan temsil edilen kabile, yapt\u0131\u011f\u0131 a\u00e7\u0131klamada \u015funlar\u0131 do\u011frulad\u0131: &#8220;Suriyeli a\u015firet ve kabile, topraklar\u0131ndaki &hellip;<\/p>\n","protected":false},"author":39,"featured_media":312610,"comment_status":"closed","ping_status":"closed","sticky":false,"template":"","format":"standard","meta":{"footnotes":""},"categories":[589,479,575,17988,478],"tags":[],"class_list":["post-312609","post","type-post","status-publish","format-standard","has-post-thumbnail","","category-haber-seridi","category-haberler-yerel","category-olaylar-ve-gercekler","category-son-haberler","category-yerel"],"_links":{"self":[{"href":"https:\/\/archive.sana.sy\/tr\/index.php?rest_route=\/wp\/v2\/posts\/312609","targetHints":{"allow":["GET"]}}],"collection":[{"href":"https:\/\/archive.sana.sy\/tr\/index.php?rest_route=\/wp\/v2\/posts"}],"about":[{"href":"https:\/\/archive.sana.sy\/tr\/index.php?rest_route=\/wp\/v2\/types\/post"}],"author":[{"embeddable":true,"href":"https:\/\/archive.sana.sy\/tr\/index.php?rest_route=\/wp\/v2\/users\/39"}],"replies":[{"embeddable":true,"href":"https:\/\/archive.sana.sy\/tr\/index.php?rest_route=%2Fwp%2Fv2%2Fcomments&post=312609"}],"version-history":[{"count":1,"href":"https:\/\/archive.sana.sy\/tr\/index.php?rest_route=\/wp\/v2\/posts\/312609\/revisions"}],"predecessor-version":[{"id":312611,"href":"https:\/\/archive.sana.sy\/tr\/index.php?rest_route=\/wp\/v2\/posts\/312609\/revisions\/312611"}],"wp:featuredmedia":[{"embeddable":true,"href":"https:\/\/archive.sana.sy\/tr\/index.php?rest_route=\/wp\/v2\/media\/312610"}],"wp:attachment":[{"href":"https:\/\/archive.sana.sy\/tr\/index.php?rest_route=%2Fwp%2Fv2%2Fmedia&parent=312609"}],"wp:term":[{"taxonomy":"category","embeddable":true,"href":"https:\/\/archive.sana.sy\/tr\/index.php?rest_route=%2Fwp%2Fv2%2Fcategories&post=312609"},{"taxonomy":"post_tag","embeddable":true,"href":"https:\/\/archive.sana.sy\/tr\/index.php?rest_route=%2Fwp%2Fv2%2Ftags&post=312609"}],"curies":[{"name":"wp","href":"https:\/\/api.w.org\/{rel}","templated":true}]}}