{"id":31262,"date":"2015-04-28T14:00:12","date_gmt":"2015-04-28T11:00:12","guid":{"rendered":"http:\/\/www.sana.sy\/tr\/?p=31262"},"modified":"2015-04-28T17:20:27","modified_gmt":"2015-04-28T14:20:27","slug":"suudi-rejimi-isid-hucreleri-ele-gecirdigini-one-surdu","status":"publish","type":"post","link":"https:\/\/archive.sana.sy\/tr\/?p=31262","title":{"rendered":"Suudi Rejimi, I\u015e\u0130D H\u00fccreleri Ele Ge\u00e7irdi\u011fini \u00d6ne S\u00fcrd\u00fc"},"content":{"rendered":"<p>R\u0130YAD \u2013 Suudi Arabistan \u0130\u00e7i\u015fleri Bakanl\u0131\u011f\u0131 krall\u0131k topraklar\u0131n\u0131n muhtelif b\u00f6lgelerinde I\u015e\u0130D h\u00fccreleri ele ge\u00e7irildi\u011fini \u00f6ne s\u00fcrd\u00fc.<\/p>\n<p>Kaide \u00d6rg\u00fct\u00fcn\u00fcn Suriye kolu Nusra Cephesi, I\u015e\u0130D ve radikal daha ba\u015fka \u00f6rg\u00fctlere m\u00fcthi\u015f bir finans ve silah deste\u011fi temin eden Suudi krall\u0131k rejimi; ele ge\u00e7irilen I\u015e\u0130D h\u00fccrelerinin ter\u00f6r sald\u0131r\u0131lar\u0131nda bulunma amac\u0131yla ileri d\u00fczeyde haz\u0131rl\u0131k yapm\u0131\u015f olduklar\u0131n\u0131 iddia ederken I\u015e\u0130D\u2019li 93 ter\u00f6risti tutuklad\u0131\u011f\u0131n\u0131 ifade etti.<\/p>\n<p>A.A. &#8211; M.M.<\/p>\n","protected":false},"excerpt":{"rendered":"<p>R\u0130YAD \u2013 Suudi Arabistan \u0130\u00e7i\u015fleri Bakanl\u0131\u011f\u0131 krall\u0131k topraklar\u0131n\u0131n muhtelif b\u00f6lgelerinde I\u015e\u0130D h\u00fccreleri ele ge\u00e7irildi\u011fini \u00f6ne s\u00fcrd\u00fc. Kaide \u00d6rg\u00fct\u00fcn\u00fcn Suriye kolu Nusra Cephesi, I\u015e\u0130D ve radikal daha ba\u015fka \u00f6rg\u00fctlere m\u00fcthi\u015f bir finans ve silah deste\u011fi temin eden Suudi krall\u0131k rejimi; ele ge\u00e7irilen I\u015e\u0130D h\u00fccrelerinin ter\u00f6r sald\u0131r\u0131lar\u0131nda bulunma amac\u0131yla ileri d\u00fczeyde haz\u0131rl\u0131k yapm\u0131\u015f olduklar\u0131n\u0131 iddia ederken I\u015e\u0130D\u2019li &hellip;<\/p>\n","protected":false},"author":1,"featured_media":31263,"comment_status":"closed","ping_status":"closed","sticky":false,"template":"","format":"standard","meta":{"footnotes":""},"categories":[458,459,447],"tags":[14148,14147],"class_list":["post-31262","post","type-post","status-publish","format-standard","has-post-thumbnail","","category-dunya1","category-haberler-arap-uluslararasi-politika","category-politika","tag-isid-hucreleri-ele-gecirdigini-one-surdu","tag-suudi-rejimi"],"_links":{"self":[{"href":"https:\/\/archive.sana.sy\/tr\/index.php?rest_route=\/wp\/v2\/posts\/31262","targetHints":{"allow":["GET"]}}],"collection":[{"href":"https:\/\/archive.sana.sy\/tr\/index.php?rest_route=\/wp\/v2\/posts"}],"about":[{"href":"https:\/\/archive.sana.sy\/tr\/index.php?rest_route=\/wp\/v2\/types\/post"}],"author":[{"embeddable":true,"href":"https:\/\/archive.sana.sy\/tr\/index.php?rest_route=\/wp\/v2\/users\/1"}],"replies":[{"embeddable":true,"href":"https:\/\/archive.sana.sy\/tr\/index.php?rest_route=%2Fwp%2Fv2%2Fcomments&post=31262"}],"version-history":[{"count":0,"href":"https:\/\/archive.sana.sy\/tr\/index.php?rest_route=\/wp\/v2\/posts\/31262\/revisions"}],"wp:featuredmedia":[{"embeddable":true,"href":"https:\/\/archive.sana.sy\/tr\/index.php?rest_route=\/wp\/v2\/media\/31263"}],"wp:attachment":[{"href":"https:\/\/archive.sana.sy\/tr\/index.php?rest_route=%2Fwp%2Fv2%2Fmedia&parent=31262"}],"wp:term":[{"taxonomy":"category","embeddable":true,"href":"https:\/\/archive.sana.sy\/tr\/index.php?rest_route=%2Fwp%2Fv2%2Fcategories&post=31262"},{"taxonomy":"post_tag","embeddable":true,"href":"https:\/\/archive.sana.sy\/tr\/index.php?rest_route=%2Fwp%2Fv2%2Ftags&post=31262"}],"curies":[{"name":"wp","href":"https:\/\/api.w.org\/{rel}","templated":true}]}}