{"id":312627,"date":"2024-12-04T11:31:15","date_gmt":"2024-12-04T08:31:15","guid":{"rendered":"https:\/\/sana.sy\/tr\/?p=312627"},"modified":"2024-12-04T11:32:45","modified_gmt":"2024-12-04T08:32:45","slug":"arap-sarabin-asireti-suriye-arap-ordusunun-terore-ve-onun-operatorlerine-karsi-kazanacagi-zafere-olan-mutlak-guvenini-teyit-ediyor","status":"publish","type":"post","link":"https:\/\/archive.sana.sy\/tr\/?p=312627","title":{"rendered":"Arap \u015earabin A\u015fireti, Suriye Arap Ordusunun Ter\u00f6re Ve Onun Operat\u00f6rlerine Kar\u015f\u0131 Kazanaca\u011f\u0131 Zafere Olan Mutlak G\u00fcvenini Teyit Ediyor"},"content":{"rendered":"<p style=\"text-align: justify;\"><strong>HASEKE (SANA) \u2013<\/strong> Arap \u015earabin a\u015fireti, Suriye Arap Ordusu&#8217;nun ter\u00f6rizme kar\u015f\u0131 zafer kazanaca\u011f\u0131na ve onu i\u015fletenlerin planlar\u0131n\u0131 ve b\u00f6lgedeki t\u00fcm Amerikan ve Siyonist planlar\u0131n\u0131 bo\u015fa \u00e7\u0131karaca\u011f\u0131na olan g\u00fcvenini teyit etti.<\/p>\n<p style=\"text-align: justify;\">Arap El \u015earabin kabilesinden yap\u0131lan a\u00e7\u0131klamas\u0131nda, a\u015firetin o\u011fullar\u0131n\u0131 ter\u00f6rle m\u00fccadele etmek, vatan\u0131m\u0131z\u0131 desteklemek ve halk\u0131m\u0131z\u0131, kurumlar\u0131m\u0131z\u0131 ve ulusal g\u00fc\u00e7lerimizi korumak i\u00e7in liderli\u011fin ve Suriye Arap Ordusunun emrine verdi\u011fi belirtildi.<\/p>\n<p style=\"text-align: justify;\">A\u015firet, Suriye&#8217;nin birlik ve egemenli\u011fine olan ba\u011fl\u0131l\u0131\u011f\u0131n\u0131 yenileyerek, Suriye&#8217;nin sars\u0131lmaz ve g\u00fc\u00e7l\u00fc kalmas\u0131 i\u00e7in en k\u0131ymetli varl\u0131klar\u0131n\u0131 veren \u015fehitlerin kanlar\u0131n\u0131 de\u011ferlendirdi.<\/p>\n<p style=\"text-align: justify;\">El \u015earabin a\u015fireti, ter\u00f6re ve destek\u00e7ilerine kar\u015f\u0131 zaferin ka\u00e7\u0131n\u0131lmaz oldu\u011funu, Halep&#8217;te ya\u015fananlar\u0131n ise ter\u00f6rizmden ba\u015fka bir \u015fey olmad\u0131\u011f\u0131n\u0131 ve Siyonist, Amerika ve T\u00fcrkiye&#8217;nin sponsorlu\u011funda t\u00fcm uluslararas\u0131 norm ve kanunlar\u0131n a\u00e7\u0131k bir ihlali oldu\u011funu vurgulayarak, Cumhurba\u015fkan\u0131 Be\u015f\u015far Esad&#8217;\u0131n \u00f6nderli\u011findeki cesur Suriye Arap Ordusu&#8217;nun \u00e7abalar\u0131 sayesinde bu durumun uzun s\u00fcrmeyece\u011fine dikkati \u00e7ekti.<\/p>\n<p style=\"text-align: center;\"><strong><a href=\"https:\/\/t.me\/SuriyeArapHaberAjansI\">Telegram Kanal\u0131m\u0131z\u00a0<\/a>||<a href=\"https:\/\/twitter.com\/arap_ajans\">X Platformumuz\u00a0<\/a>||<a href=\"https:\/\/www.facebook.com\/SANAHaberAjansi\/\">Facebook Sayfam\u0131z<\/a><\/strong><\/p>\n<p>&nbsp;<\/p>\n<p style=\"text-align: justify;\">\n","protected":false},"excerpt":{"rendered":"<p>HASEKE (SANA) \u2013 Arap \u015earabin a\u015fireti, Suriye Arap Ordusu&#8217;nun ter\u00f6rizme kar\u015f\u0131 zafer kazanaca\u011f\u0131na ve onu i\u015fletenlerin planlar\u0131n\u0131 ve b\u00f6lgedeki t\u00fcm Amerikan ve Siyonist planlar\u0131n\u0131 bo\u015fa \u00e7\u0131karaca\u011f\u0131na olan g\u00fcvenini teyit etti. Arap El \u015earabin kabilesinden yap\u0131lan a\u00e7\u0131klamas\u0131nda, a\u015firetin o\u011fullar\u0131n\u0131 ter\u00f6rle m\u00fccadele etmek, vatan\u0131m\u0131z\u0131 desteklemek ve halk\u0131m\u0131z\u0131, kurumlar\u0131m\u0131z\u0131 ve ulusal g\u00fc\u00e7lerimizi korumak i\u00e7in liderli\u011fin ve Suriye Arap &hellip;<\/p>\n","protected":false},"author":39,"featured_media":312628,"comment_status":"closed","ping_status":"closed","sticky":false,"template":"","format":"standard","meta":{"footnotes":""},"categories":[589,479,575,17988,478],"tags":[],"class_list":["post-312627","post","type-post","status-publish","format-standard","has-post-thumbnail","","category-haber-seridi","category-haberler-yerel","category-olaylar-ve-gercekler","category-son-haberler","category-yerel"],"_links":{"self":[{"href":"https:\/\/archive.sana.sy\/tr\/index.php?rest_route=\/wp\/v2\/posts\/312627","targetHints":{"allow":["GET"]}}],"collection":[{"href":"https:\/\/archive.sana.sy\/tr\/index.php?rest_route=\/wp\/v2\/posts"}],"about":[{"href":"https:\/\/archive.sana.sy\/tr\/index.php?rest_route=\/wp\/v2\/types\/post"}],"author":[{"embeddable":true,"href":"https:\/\/archive.sana.sy\/tr\/index.php?rest_route=\/wp\/v2\/users\/39"}],"replies":[{"embeddable":true,"href":"https:\/\/archive.sana.sy\/tr\/index.php?rest_route=%2Fwp%2Fv2%2Fcomments&post=312627"}],"version-history":[{"count":3,"href":"https:\/\/archive.sana.sy\/tr\/index.php?rest_route=\/wp\/v2\/posts\/312627\/revisions"}],"predecessor-version":[{"id":312631,"href":"https:\/\/archive.sana.sy\/tr\/index.php?rest_route=\/wp\/v2\/posts\/312627\/revisions\/312631"}],"wp:featuredmedia":[{"embeddable":true,"href":"https:\/\/archive.sana.sy\/tr\/index.php?rest_route=\/wp\/v2\/media\/312628"}],"wp:attachment":[{"href":"https:\/\/archive.sana.sy\/tr\/index.php?rest_route=%2Fwp%2Fv2%2Fmedia&parent=312627"}],"wp:term":[{"taxonomy":"category","embeddable":true,"href":"https:\/\/archive.sana.sy\/tr\/index.php?rest_route=%2Fwp%2Fv2%2Fcategories&post=312627"},{"taxonomy":"post_tag","embeddable":true,"href":"https:\/\/archive.sana.sy\/tr\/index.php?rest_route=%2Fwp%2Fv2%2Ftags&post=312627"}],"curies":[{"name":"wp","href":"https:\/\/api.w.org\/{rel}","templated":true}]}}