{"id":312650,"date":"2024-12-04T15:39:24","date_gmt":"2024-12-04T12:39:24","guid":{"rendered":"https:\/\/sana.sy\/tr\/?p=312650"},"modified":"2024-12-05T11:42:23","modified_gmt":"2024-12-05T08:42:23","slug":"suriye-arap-ordusu-halepteki-esad-askeri-muhendislik-akademisi-ogrencilerinin-uzerindeki-kusatmayi-kirmayi-basardi","status":"publish","type":"post","link":"https:\/\/archive.sana.sy\/tr\/?p=312650","title":{"rendered":"Suriye Arap Ordusu, Halep&#8217;teki Esad Askeri M\u00fchendislik Akademisi \u00f6\u011frencilerinin \u00dczerindeki Ku\u015fatmay\u0131 K\u0131rmay\u0131 Ba\u015fard\u0131"},"content":{"rendered":"<p style=\"text-align: justify;\"><strong><span style=\"color: #800000;\">\u015eAM (SANA)<\/span> &#8211;<\/strong> Ordu ve Silahl\u0131 Kuvvetler Genel Komutanl\u0131\u011f\u0131, Halep&#8217;teki Esad Askeri M\u00fchendislik Akademisi \u00f6\u011frencilerinin \u00fczerindeki ter\u00f6r \u00f6rg\u00fctleri ku\u015fatmas\u0131n\u0131n kald\u0131r\u0131ld\u0131\u011f\u0131n\u0131, Humus kentine g\u00fcvenli \u00e7\u0131k\u0131\u015f ve var\u0131\u015flar\u0131n\u0131n sa\u011fland\u0131\u011f\u0131n\u0131 do\u011frulad\u0131. Bu, Halep \u015fehrine yap\u0131lan ter\u00f6r sald\u0131r\u0131s\u0131 kar\u015f\u0131s\u0131nda kahraman \u00f6\u011frencilerin ve cesur subaylar\u0131n efsanevi m\u00fccadele azminin ard\u0131ndan geldi.<\/p>\n<p style=\"text-align: justify;\">Komutanl\u0131k bug\u00fcn yapt\u0131\u011f\u0131 a\u00e7\u0131klamada \u015funlar\u0131 s\u00f6yledi:\u00a0 \u201cHalep&#8217;teki Esad Askeri M\u00fchendislik Akademisi&#8217;nin kahraman \u00f6\u011frencilerinin ve cesur subaylar\u0131n\u0131n efsanevi sava\u015f azmi ve Halep \u015fehrine y\u00f6nelik ter\u00f6rist sald\u0131r\u0131n\u0131n ilk an\u0131ndan itibaren akademinin savunmas\u0131ndan, ter\u00f6ristlerin akademiye y\u00f6nelik \u00e7e\u015fitli tipte orta ve a\u011f\u0131r silahlar ve geli\u015fmi\u015f insans\u0131z hava ara\u00e7lar\u0131yla ger\u00e7ekle\u015ftirdi\u011fi \u015fiddetli sald\u0131r\u0131lara kahramanca ve cesaretle g\u00f6\u011f\u00fcs gerdikten sonra, El Safira b\u00f6lgesindeki El Vaha kasabas\u0131na do\u011fru yola \u00e7\u0131kt\u0131ktan ve bir kez daha baltalardan s\u0131zan, tanklar, toplar, makineli t\u00fcfekler ve insans\u0131z hava ara\u00e7lar\u0131 gibi a\u011f\u0131r ara\u00e7larla silahlanm\u0131\u015f ter\u00f6rist gruplar\u0131 taraf\u0131ndan ku\u015fat\u0131ld\u0131ktan sonra, \u00f6\u011frenciler ve g\u00f6revliler ter\u00f6ristlere kar\u015f\u0131 dimdik ayakta kalmay\u0131 ba\u015fard\u0131. Bunun sonucunda bir k\u0131sm\u0131 \u015fehit oldu, bir k\u0131sm\u0131 da yaraland\u0131.\u201d<\/p>\n<p style=\"text-align: justify;\">A\u00e7\u0131klamada ayr\u0131ca \u015fu ifadelere yer verildi:\u00a0 \u201cSuriye-Rusya ortak askeri-siyasi koordinasyonu yoluyla, ter\u00f6r \u00f6rg\u00fctlerinin ku\u015fatmas\u0131 kald\u0131r\u0131larak, akademi \u00f6\u011frencilerinin \u00e7\u0131k\u0131\u015flar\u0131 ve aralar\u0131ndaki yaral\u0131lara gerekli bak\u0131m ve t\u0131bbi tedavilerin sa\u011flanmas\u0131 i\u00e7in g\u00fcvenli bir \u015fekilde Homs \u015fehrine ula\u015fmalar\u0131 sa\u011fland\u0131.&#8221;<\/p>\n<p style=\"text-align: center;\"><strong><a href=\"https:\/\/t.me\/SuriyeArapHaberAjansI\">Telegram Kanal\u0131m\u0131z\u00a0<\/a><span style=\"color: #ff0000;\">||<\/span><a href=\"https:\/\/twitter.com\/arap_ajans\">X Platformumuz\u00a0<\/a><span style=\"color: #ff0000;\">||<\/span><a href=\"https:\/\/www.facebook.com\/SANAHaberAjansi\/\">Facebook Sayfam\u0131z<\/a><\/strong><\/p>\n","protected":false},"excerpt":{"rendered":"<p>\u015eAM (SANA) &#8211; Ordu ve Silahl\u0131 Kuvvetler Genel Komutanl\u0131\u011f\u0131, Halep&#8217;teki Esad Askeri M\u00fchendislik Akademisi \u00f6\u011frencilerinin \u00fczerindeki ter\u00f6r \u00f6rg\u00fctleri ku\u015fatmas\u0131n\u0131n kald\u0131r\u0131ld\u0131\u011f\u0131n\u0131, Humus kentine g\u00fcvenli \u00e7\u0131k\u0131\u015f ve var\u0131\u015flar\u0131n\u0131n sa\u011fland\u0131\u011f\u0131n\u0131 do\u011frulad\u0131. Bu, Halep \u015fehrine yap\u0131lan ter\u00f6r sald\u0131r\u0131s\u0131 kar\u015f\u0131s\u0131nda kahraman \u00f6\u011frencilerin ve cesur subaylar\u0131n efsanevi m\u00fccadele azminin ard\u0131ndan geldi. Komutanl\u0131k bug\u00fcn yapt\u0131\u011f\u0131 a\u00e7\u0131klamada \u015funlar\u0131 s\u00f6yledi:\u00a0 \u201cHalep&#8217;teki Esad Askeri M\u00fchendislik &hellip;<\/p>\n","protected":false},"author":41,"featured_media":312502,"comment_status":"closed","ping_status":"closed","sticky":false,"template":"","format":"standard","meta":{"footnotes":""},"categories":[479,575,17988,478],"tags":[43024,26872,19043,38641],"class_list":["post-312650","post","type-post","status-publish","format-standard","has-post-thumbnail","","category-haberler-yerel","category-olaylar-ve-gercekler","category-son-haberler","category-yerel","tag-halepteki-esad-askeri-muhendislik-akademisi-ogrencilerinin-uzerindeki-kusatmayi-kirmayi-basardi","tag-suriye-arap-ordusu","tag-suriyede-son-durum","tag-suriyede-son-gelimeler"],"_links":{"self":[{"href":"https:\/\/archive.sana.sy\/tr\/index.php?rest_route=\/wp\/v2\/posts\/312650","targetHints":{"allow":["GET"]}}],"collection":[{"href":"https:\/\/archive.sana.sy\/tr\/index.php?rest_route=\/wp\/v2\/posts"}],"about":[{"href":"https:\/\/archive.sana.sy\/tr\/index.php?rest_route=\/wp\/v2\/types\/post"}],"author":[{"embeddable":true,"href":"https:\/\/archive.sana.sy\/tr\/index.php?rest_route=\/wp\/v2\/users\/41"}],"replies":[{"embeddable":true,"href":"https:\/\/archive.sana.sy\/tr\/index.php?rest_route=%2Fwp%2Fv2%2Fcomments&post=312650"}],"version-history":[{"count":2,"href":"https:\/\/archive.sana.sy\/tr\/index.php?rest_route=\/wp\/v2\/posts\/312650\/revisions"}],"predecessor-version":[{"id":312652,"href":"https:\/\/archive.sana.sy\/tr\/index.php?rest_route=\/wp\/v2\/posts\/312650\/revisions\/312652"}],"wp:featuredmedia":[{"embeddable":true,"href":"https:\/\/archive.sana.sy\/tr\/index.php?rest_route=\/wp\/v2\/media\/312502"}],"wp:attachment":[{"href":"https:\/\/archive.sana.sy\/tr\/index.php?rest_route=%2Fwp%2Fv2%2Fmedia&parent=312650"}],"wp:term":[{"taxonomy":"category","embeddable":true,"href":"https:\/\/archive.sana.sy\/tr\/index.php?rest_route=%2Fwp%2Fv2%2Fcategories&post=312650"},{"taxonomy":"post_tag","embeddable":true,"href":"https:\/\/archive.sana.sy\/tr\/index.php?rest_route=%2Fwp%2Fv2%2Ftags&post=312650"}],"curies":[{"name":"wp","href":"https:\/\/api.w.org\/{rel}","templated":true}]}}