{"id":312669,"date":"2024-12-04T22:18:31","date_gmt":"2024-12-04T19:18:31","guid":{"rendered":"https:\/\/sana.sy\/tr\/?p=312669"},"modified":"2024-12-05T12:35:12","modified_gmt":"2024-12-05T09:35:12","slug":"ordu-genel-komutanligi-halepteki-esad-askeri-muhendislik-akademisi-ogrencilerinin-uzerindeki-abluka-kaldirilarak-humus-kentine-sag-salim-ulastilar","status":"publish","type":"post","link":"https:\/\/archive.sana.sy\/tr\/?p=312669","title":{"rendered":"Ordu Genel Komutanl\u0131\u011f\u0131: Halep&#8217;teki Esad Askeri M\u00fchendislik Akademisi \u00d6\u011frencilerinin \u00dczerindeki Abluka Kald\u0131r\u0131larak Humus Kentine Sa\u011f Salim Ula\u015ft\u0131lar"},"content":{"rendered":"<p style=\"text-align: justify;\"><strong>\u015eAM (<\/strong><strong>SANA<\/strong><strong>) &#8211; <\/strong>Ordu ve Silahl\u0131 Kuvvetler Genel Komutanl\u0131\u011f\u0131, ter\u00f6r \u00f6rg\u00fctlerinin Halep&#8217;teki Esad Askeri M\u00fchendislik Akademisi \u00f6\u011frencileri \u00fczerindeki ku\u015fatmas\u0131n\u0131n kald\u0131r\u0131ld\u0131\u011f\u0131n\u0131, Humus kentine g\u00fcvenli \u00e7\u0131k\u0131\u015f ve var\u0131\u015flar\u0131n\u0131n sa\u011fland\u0131\u011f\u0131n\u0131 do\u011frulad\u0131. Halep \u015fehrine yap\u0131lan ter\u00f6r sald\u0131r\u0131s\u0131 kar\u015f\u0131s\u0131nda kahraman \u00f6\u011frencilerin ve cesur subaylar\u0131n efsanevi m\u00fccadele azminin ard\u0131ndan g\u00fcvence alt\u0131na al\u0131nd\u0131.<\/p>\n<p style=\"text-align: justify;\">Komuta bug\u00fcn yapt\u0131\u011f\u0131 a\u00e7\u0131klamada, &#8220;Halep&#8217;teki Esad Askeri M\u00fchendislik Akademisi&#8217;ndeki kahraman \u00f6\u011frencilerin ve cesur subaylar\u0131n efsanevi sava\u015f azminden sonra, Halep kentine y\u00f6nelik ter\u00f6r sald\u0131r\u0131s\u0131n\u0131n ilk an\u0131ndan itibaren akademinin \u015fiddetli savunmas\u0131n\u0131n ard\u0131ndan, Ter\u00f6ristlerin akademiyi basmak amac\u0131yla \u00e7e\u015fitli tipte orta ve a\u011f\u0131r silahlar ve geli\u015fmi\u015f insans\u0131z hava ara\u00e7lar\u0131yla ger\u00e7ekle\u015ftirdi\u011fi \u015fiddetli sald\u0131r\u0131lara kahramanca ve cesaretle kar\u015f\u0131l\u0131k verdiler. Daha sonra El Safira b\u00f6lgesindeki El Vaha kasabas\u0131na do\u011fru yola \u00e7\u0131kt\u0131lar ve tanklar, toplar, makineli t\u00fcfekler ve insans\u0131z hava ara\u00e7lar\u0131 da dahil olmak \u00fczere a\u011f\u0131r ara\u00e7larla silahlanm\u0131\u015f, her eksenden ak\u0131n eden ter\u00f6rist gruplar\u0131 taraf\u0131ndan yeniden ku\u015fat\u0131ld\u0131lar. \u00d6\u011frenciler ve memurlar ter\u00f6ristlere direnebildi, bu da bir\u00e7ok ki\u015finin \u015fehit olmas\u0131na, baz\u0131lar\u0131n\u0131n da yaralanmas\u0131na neden oldu.\u201d<\/p>\n<p style=\"text-align: justify;\">A\u00e7\u0131klamada, &#8220;Suriye-Rusya ortak askeri ve siyasi koordinasyonu sayesinde bu ter\u00f6r \u00f6rg\u00fctlerinin ku\u015fatmas\u0131 kald\u0131r\u0131larak, akademi \u00f6\u011frencilerinin \u00e7\u0131k\u0131\u015flar\u0131 ve Humus \u015fehrine g\u00fcvenli bir \u015fekilde ula\u015fmalar\u0131 sa\u011fland\u0131, yaral\u0131lara gerekli bak\u0131m ve t\u0131bbi tedavi sa\u011flan\u0131yor\u201d dedi.<\/p>\n<p style=\"text-align: center;\"><strong><a href=\"https:\/\/t.me\/SuriyeArapHaberAjansI\">Telegram Kanal\u0131m\u0131z\u00a0<\/a>||<a href=\"https:\/\/twitter.com\/arap_ajans\">X Platformumuz\u00a0<\/a>||<a href=\"https:\/\/www.facebook.com\/SANAHaberAjansi\/\">Facebook Sayfam\u0131z<\/a><\/strong><\/p>\n","protected":false},"excerpt":{"rendered":"<p>\u015eAM (SANA) &#8211; Ordu ve Silahl\u0131 Kuvvetler Genel Komutanl\u0131\u011f\u0131, ter\u00f6r \u00f6rg\u00fctlerinin Halep&#8217;teki Esad Askeri M\u00fchendislik Akademisi \u00f6\u011frencileri \u00fczerindeki ku\u015fatmas\u0131n\u0131n kald\u0131r\u0131ld\u0131\u011f\u0131n\u0131, Humus kentine g\u00fcvenli \u00e7\u0131k\u0131\u015f ve var\u0131\u015flar\u0131n\u0131n sa\u011fland\u0131\u011f\u0131n\u0131 do\u011frulad\u0131. Halep \u015fehrine yap\u0131lan ter\u00f6r sald\u0131r\u0131s\u0131 kar\u015f\u0131s\u0131nda kahraman \u00f6\u011frencilerin ve cesur subaylar\u0131n efsanevi m\u00fccadele azminin ard\u0131ndan g\u00fcvence alt\u0131na al\u0131nd\u0131. Komuta bug\u00fcn yapt\u0131\u011f\u0131 a\u00e7\u0131klamada, &#8220;Halep&#8217;teki Esad Askeri M\u00fchendislik Akademisi&#8217;ndeki &hellip;<\/p>\n","protected":false},"author":41,"featured_media":312672,"comment_status":"closed","ping_status":"closed","sticky":false,"template":"","format":"standard","meta":{"footnotes":""},"categories":[589,479,575,17988,478],"tags":[],"class_list":["post-312669","post","type-post","status-publish","format-standard","has-post-thumbnail","","category-haber-seridi","category-haberler-yerel","category-olaylar-ve-gercekler","category-son-haberler","category-yerel"],"_links":{"self":[{"href":"https:\/\/archive.sana.sy\/tr\/index.php?rest_route=\/wp\/v2\/posts\/312669","targetHints":{"allow":["GET"]}}],"collection":[{"href":"https:\/\/archive.sana.sy\/tr\/index.php?rest_route=\/wp\/v2\/posts"}],"about":[{"href":"https:\/\/archive.sana.sy\/tr\/index.php?rest_route=\/wp\/v2\/types\/post"}],"author":[{"embeddable":true,"href":"https:\/\/archive.sana.sy\/tr\/index.php?rest_route=\/wp\/v2\/users\/41"}],"replies":[{"embeddable":true,"href":"https:\/\/archive.sana.sy\/tr\/index.php?rest_route=%2Fwp%2Fv2%2Fcomments&post=312669"}],"version-history":[{"count":1,"href":"https:\/\/archive.sana.sy\/tr\/index.php?rest_route=\/wp\/v2\/posts\/312669\/revisions"}],"predecessor-version":[{"id":312673,"href":"https:\/\/archive.sana.sy\/tr\/index.php?rest_route=\/wp\/v2\/posts\/312669\/revisions\/312673"}],"wp:featuredmedia":[{"embeddable":true,"href":"https:\/\/archive.sana.sy\/tr\/index.php?rest_route=\/wp\/v2\/media\/312672"}],"wp:attachment":[{"href":"https:\/\/archive.sana.sy\/tr\/index.php?rest_route=%2Fwp%2Fv2%2Fmedia&parent=312669"}],"wp:term":[{"taxonomy":"category","embeddable":true,"href":"https:\/\/archive.sana.sy\/tr\/index.php?rest_route=%2Fwp%2Fv2%2Fcategories&post=312669"},{"taxonomy":"post_tag","embeddable":true,"href":"https:\/\/archive.sana.sy\/tr\/index.php?rest_route=%2Fwp%2Fv2%2Ftags&post=312669"}],"curies":[{"name":"wp","href":"https:\/\/api.w.org\/{rel}","templated":true}]}}