{"id":31267,"date":"2015-04-28T17:36:56","date_gmt":"2015-04-28T14:36:56","guid":{"rendered":"http:\/\/www.sana.sy\/tr\/?p=31267"},"modified":"2015-04-29T10:36:10","modified_gmt":"2015-04-29T07:36:10","slug":"sama-havan-saldirisi-sonucunda-6-sivil-yaralandi","status":"publish","type":"post","link":"https:\/\/archive.sana.sy\/tr\/?p=31267","title":{"rendered":"Ter\u00f6ristler Sivilleri Hedef Ald\u0131.. Halep\u2019te Baba \u0130le 2 \u00c7ocu\u011fu \u015eehit 4 Yaral\u0131, \u015eam\u2019da 6 Yaral\u0131"},"content":{"rendered":"<p>HALEP \u2013 \u015eAM \u2013\u00a0<span style=\"line-height: 1.5\">T\u00fcrkiye&#8217;deki Erdo\u011fan ve \u00c2l Suud rejimlerine ba\u011fl\u0131 ter\u00f6r \u00e7eteleri yeniden sivil yerle\u015fim ve masum insanlar\u0131 havan mermileriyle hedef ald\u0131.<\/span><\/p>\n<p><span style=\"color: #0000ff\">Halep El Sebil Semtinde Baba ve 2 \u00c7ocu\u011fu \u015eehit.. Anneleri ve 3 Ki\u015fi Daha Yaral\u0131\u00a0<\/span><\/p>\n<p>Halep el Sebil Semtine y\u00f6nelik ter\u00f6r sald\u0131r\u0131s\u0131 sonucunda bir baba ile iki \u00e7ocu\u011fu \u015fehit d\u00fc\u015ft\u00fc.<\/p>\n<p>\u0130l Emniyet M\u00fcd\u00fcrl\u00fc\u011f\u00fc kayna\u011f\u0131 SANA muhabirine a\u00e7\u0131klamas\u0131nda, eli kanl\u0131 ter\u00f6ristlerin Beni Zeyd Semtinden f\u0131rlatt\u0131klar\u0131 havan roketinin el Sebil Semtinde bir evin \u00fczerine d\u00fc\u015ft\u00fc\u011f\u00fcn\u00fc, bir baba ile iki \u00e7ocu\u011funu \u015fehit d\u00fc\u015fmeleri, aralar\u0131nda \u015fehit \u00e7ocuklar\u0131n annesinin de bulundu\u011fu 4 ki\u015finin de yaraland\u0131\u011f\u0131n\u0131 s\u00f6yledi.<\/p>\n<p>El Razi Hastanesinde sa\u011fl\u0131k kayna\u011f\u0131, hastane acil b\u00f6l\u00fcm\u00fcn\u00fcn ter\u00f6r sald\u0131r\u0131s\u0131 sonucunda yaralananlar\u0131 kar\u015f\u0131lad\u0131\u011f\u0131n\u0131, kad\u0131n\u0131n durumunun \u00e7ok a\u011f\u0131r geri kalan yaral\u0131lar\u0131n ise orta ve hafif oldu\u011funu belirtti.<\/p>\n<p><span style=\"color: #0000ff\">\u015eam\u2019a Havan Sald\u0131r\u0131s\u0131 Sonucunda 6 Sivil Yaraland\u0131<\/span><\/p>\n<p>Emniyet M\u00fcd\u00fcrl\u00fc\u011f\u00fcnde bir kaynak; ter\u00f6ristlerin f\u0131rlatt\u0131\u011f\u0131 iki havan mermisinin ba\u015fkent \u015eam\u2019\u0131n sivil yerle\u015fim alanlar\u0131ndan Ebu Rummani B\u00f6lgesine d\u00fc\u015fmesi sonucunda 6 vatanda\u015f\u0131n yaraland\u0131\u011f\u0131n\u0131, \u00f6zel ve kamu m\u00fclklerde maddi hasar\u0131n olu\u015ftu\u011funu ifade etti.<\/p>\n<p>S.\u015e &#8211; M.M. &#8211; A.A.<\/p>\n","protected":false},"excerpt":{"rendered":"<p>HALEP \u2013 \u015eAM \u2013\u00a0T\u00fcrkiye&#8217;deki Erdo\u011fan ve \u00c2l Suud rejimlerine ba\u011fl\u0131 ter\u00f6r \u00e7eteleri yeniden sivil yerle\u015fim ve masum insanlar\u0131 havan mermileriyle hedef ald\u0131. Halep El Sebil Semtinde Baba ve 2 \u00c7ocu\u011fu \u015eehit.. Anneleri ve 3 Ki\u015fi Daha Yaral\u0131\u00a0 Halep el Sebil Semtine y\u00f6nelik ter\u00f6r sald\u0131r\u0131s\u0131 sonucunda bir baba ile iki \u00e7ocu\u011fu \u015fehit d\u00fc\u015ft\u00fc. \u0130l Emniyet M\u00fcd\u00fcrl\u00fc\u011f\u00fc &hellip;<\/p>\n","protected":false},"author":1,"featured_media":10268,"comment_status":"closed","ping_status":"closed","sticky":false,"template":"","format":"standard","meta":{"footnotes":""},"categories":[575],"tags":[14149,14162,14161],"class_list":["post-31267","post","type-post","status-publish","format-standard","has-post-thumbnail","","category-olaylar-ve-gercekler","tag-sama-havan-saldirisi-sonucunda-6-sivil-yaralandi","tag-samda-6-yarali","tag-teroristler-sivilleri-hedef-aldi-halepte-baba-ile-2-cocugu-sehit-4-yarali"],"_links":{"self":[{"href":"https:\/\/archive.sana.sy\/tr\/index.php?rest_route=\/wp\/v2\/posts\/31267","targetHints":{"allow":["GET"]}}],"collection":[{"href":"https:\/\/archive.sana.sy\/tr\/index.php?rest_route=\/wp\/v2\/posts"}],"about":[{"href":"https:\/\/archive.sana.sy\/tr\/index.php?rest_route=\/wp\/v2\/types\/post"}],"author":[{"embeddable":true,"href":"https:\/\/archive.sana.sy\/tr\/index.php?rest_route=\/wp\/v2\/users\/1"}],"replies":[{"embeddable":true,"href":"https:\/\/archive.sana.sy\/tr\/index.php?rest_route=%2Fwp%2Fv2%2Fcomments&post=31267"}],"version-history":[{"count":0,"href":"https:\/\/archive.sana.sy\/tr\/index.php?rest_route=\/wp\/v2\/posts\/31267\/revisions"}],"wp:featuredmedia":[{"embeddable":true,"href":"https:\/\/archive.sana.sy\/tr\/index.php?rest_route=\/wp\/v2\/media\/10268"}],"wp:attachment":[{"href":"https:\/\/archive.sana.sy\/tr\/index.php?rest_route=%2Fwp%2Fv2%2Fmedia&parent=31267"}],"wp:term":[{"taxonomy":"category","embeddable":true,"href":"https:\/\/archive.sana.sy\/tr\/index.php?rest_route=%2Fwp%2Fv2%2Fcategories&post=31267"},{"taxonomy":"post_tag","embeddable":true,"href":"https:\/\/archive.sana.sy\/tr\/index.php?rest_route=%2Fwp%2Fv2%2Ftags&post=31267"}],"curies":[{"name":"wp","href":"https:\/\/api.w.org\/{rel}","templated":true}]}}