{"id":312671,"date":"2024-12-04T23:07:34","date_gmt":"2024-12-04T20:07:34","guid":{"rendered":"https:\/\/sana.sy\/tr\/?p=312671"},"modified":"2024-12-05T10:44:07","modified_gmt":"2024-12-05T07:44:07","slug":"disisleri-ve-gurbetciler-bakani-bassam-sabbag-kubali-mevkidasindan-suriyeyi-hedef-alan-teror-saldirganligini-kinayan-telefon-aldi","status":"publish","type":"post","link":"https:\/\/archive.sana.sy\/tr\/?p=312671","title":{"rendered":"D\u0131\u015fi\u015fleri Ve Gurbet\u00e7iler Bakan\u0131 Bassam Sabba\u011f, K\u00fcbal\u0131 Mevkida\u015f\u0131ndan, Suriye&#8217;yi Hedef Alan Ter\u00f6r Sald\u0131rganl\u0131\u011f\u0131n\u0131 K\u0131nayan Telefon Ald\u0131."},"content":{"rendered":"<p style=\"text-align: justify;\"><strong>\u015eAM (SANA) &#8211;<\/strong> D\u0131\u015fi\u015fleri ve Gurbet\u00e7iler Bakan\u0131 Bassam Sabbagh, bu ak\u015fam K\u00fcba D\u0131\u015fi\u015fleri Bakan\u0131 Bruno Rodriguez Barrilla&#8217;dan bir telefon ald\u0131.<\/p>\n<p style=\"text-align: justify;\">\u00a0Ter\u00f6r \u00f6rg\u00fct\u00fc Tahrir el-\u015eam &#8211; El Nusra Cephesi&#8217;nin ba\u015flatt\u0131\u011f\u0131 ter\u00f6r sald\u0131rl\u0131\u011f\u0131n\u0131n ard\u0131ndan Suriye&#8217;nin kuzeyinde ya\u015fanan geli\u015fmeler ve bunun Suriye&#8217;nin g\u00fcvenlik ve istikrar\u0131 ile vatanda\u015flar\u0131n\u0131n g\u00fcvenli\u011fi \u00fczerindeki yans\u0131malar\u0131 ele al\u0131nd\u0131.<\/p>\n<p style=\"text-align: justify;\">\u00a0Bakan Sabba\u011f, \u00f6nceden haz\u0131rlanan, \u00e7ok say\u0131da yabanc\u0131 ter\u00f6r unsurunun kat\u0131ld\u0131\u011f\u0131, Suriye devletini hedef alan ve g\u00fcvenli\u011fini istikrars\u0131zla\u015ft\u0131rmaya \u00e7al\u0131\u015fan b\u00f6lgesel ve uluslararas\u0131 taraflar\u0131n d\u0131\u015f deste\u011fiyle ger\u00e7ekle\u015ftirdi\u011fi ter\u00f6r sald\u0131r\u0131s\u0131n\u0131n b\u00fcy\u00fckl\u00fc\u011f\u00fcn\u00fc ve kapsam\u0131n\u0131 anlatt\u0131. \u0130stikrar, bu ter\u00f6r sald\u0131r\u0131s\u0131n\u0131n ya\u015fam i\u00e7in bir tehdide neden oldu\u011funu ve onlar\u0131 zor insani ko\u015fullara yerle\u015ftirdi\u011fini belirtti.<\/p>\n<p style=\"text-align: justify;\">Bakan Sabba\u011f, Suriye devletinin ter\u00f6r\u00fcn her t\u00fcrl\u00fcs\u00fcyle m\u00fccadele \u00e7abalar\u0131na destek verilmesinin, Suriye&#8217;deki ter\u00f6r \u00f6rg\u00fctlerinin askeri ve lojistik tedarik anlam\u0131nda ald\u0131\u011f\u0131 her t\u00fcrl\u00fc d\u0131\u015f deste\u011fin ortaya \u00e7\u0131kar\u0131lmas\u0131na y\u00f6nelik \u00e7abalar\u0131n yo\u011funla\u015ft\u0131r\u0131lmas\u0131n\u0131n \u00f6nemini vurgulayarak, ter\u00f6rle m\u00fccadele konusunda \u00e7a\u011fr\u0131da bulundu. G\u00fcvenlik Konseyinin ter\u00f6rle m\u00fccadeleye ili\u015fkin kararlar\u0131n\u0131n uygulamaya konulmas\u0131nda \u00fczerine d\u00fc\u015fen sorumluluklar\u0131 yerine getirmesine \u00e7a\u011fr\u0131da bulundu.<\/p>\n<p style=\"text-align: justify;\">Bakan Barrilla ise, K\u00fcba&#8217;n\u0131n Suriye&#8217;nin baz\u0131 \u015fehirlerini hedef alan ter\u00f6r sald\u0131r\u0131s\u0131n\u0131 k\u0131nad\u0131\u011f\u0131n\u0131 ifade etti.<\/p>\n<p style=\"text-align: justify;\">\u00a0Belirli \u00fclkelerin siyasi g\u00fcndemlerine hizmet eden ter\u00f6r \u00f6rg\u00fctleriyle m\u00fccadelede K\u00fcba&#8217;n\u0131n Suriye h\u00fck\u00fcmeti ve halk\u0131yla mutlak destek ve dayan\u0131\u015fma i\u00e7inde oldu\u011funu belirtti.<\/p>\n<p style=\"text-align: justify;\">Bakan Sabba\u011f, D\u0131\u015fi\u015fleri ve Uluslararas\u0131 \u0130\u015fbirli\u011fi Bakanl\u0131\u011f\u0131&#8217;n\u0131n Libya&#8217;daki i\u015flerini y\u00f6netmekle g\u00f6revli Al Taher Al-Baaur&#8217;dan da bir telefon ald\u0131.<\/p>\n<p style=\"text-align: justify;\">\u00a0Telefon g\u00f6r\u00fc\u015fmesinde, Libya devletinin Suriye&#8217;de olup bitenleri endi\u015feyle takip etti\u011fini, \u00f6zellikle \u00fclkesinin ter\u00f6rle m\u00fccadelede benzer bir deneyim ya\u015fad\u0131\u011f\u0131n\u0131 vurgulad\u0131.<\/p>\n<p style=\"text-align: justify;\">\u00a0Libya devletinin Suriye&#8217;nin egemenli\u011fi, ba\u011f\u0131ms\u0131zl\u0131\u011f\u0131, birli\u011fi ve toprak b\u00fct\u00fcnl\u00fc\u011f\u00fc ile vatanda\u015flar\u0131n\u0131n g\u00fcvenli\u011fine verdi\u011fi deste\u011fi yineledi.<\/p>\n<p style=\"text-align: center;\"><strong><a href=\"https:\/\/t.me\/SuriyeArapHaberAjansI\">Telegram Kanal\u0131m\u0131z\u00a0<\/a>||<a href=\"https:\/\/twitter.com\/arap_ajans\">X Platformumuz\u00a0<\/a>||<a href=\"https:\/\/www.facebook.com\/SANAHaberAjansi\/\">Facebook Sayfam\u0131z<\/a><\/strong><\/p>\n","protected":false},"excerpt":{"rendered":"<p>\u015eAM (SANA) &#8211; D\u0131\u015fi\u015fleri ve Gurbet\u00e7iler Bakan\u0131 Bassam Sabbagh, bu ak\u015fam K\u00fcba D\u0131\u015fi\u015fleri Bakan\u0131 Bruno Rodriguez Barrilla&#8217;dan bir telefon ald\u0131. \u00a0Ter\u00f6r \u00f6rg\u00fct\u00fc Tahrir el-\u015eam &#8211; El Nusra Cephesi&#8217;nin ba\u015flatt\u0131\u011f\u0131 ter\u00f6r sald\u0131rl\u0131\u011f\u0131n\u0131n ard\u0131ndan Suriye&#8217;nin kuzeyinde ya\u015fanan geli\u015fmeler ve bunun Suriye&#8217;nin g\u00fcvenlik ve istikrar\u0131 ile vatanda\u015flar\u0131n\u0131n g\u00fcvenli\u011fi \u00fczerindeki yans\u0131malar\u0131 ele al\u0131nd\u0131. \u00a0Bakan Sabba\u011f, \u00f6nceden haz\u0131rlanan, \u00e7ok say\u0131da &hellip;<\/p>\n","protected":false},"author":41,"featured_media":312674,"comment_status":"closed","ping_status":"closed","sticky":false,"template":"","format":"standard","meta":{"footnotes":""},"categories":[589,479,17988,478],"tags":[],"class_list":["post-312671","post","type-post","status-publish","format-standard","has-post-thumbnail","","category-haber-seridi","category-haberler-yerel","category-son-haberler","category-yerel"],"_links":{"self":[{"href":"https:\/\/archive.sana.sy\/tr\/index.php?rest_route=\/wp\/v2\/posts\/312671","targetHints":{"allow":["GET"]}}],"collection":[{"href":"https:\/\/archive.sana.sy\/tr\/index.php?rest_route=\/wp\/v2\/posts"}],"about":[{"href":"https:\/\/archive.sana.sy\/tr\/index.php?rest_route=\/wp\/v2\/types\/post"}],"author":[{"embeddable":true,"href":"https:\/\/archive.sana.sy\/tr\/index.php?rest_route=\/wp\/v2\/users\/41"}],"replies":[{"embeddable":true,"href":"https:\/\/archive.sana.sy\/tr\/index.php?rest_route=%2Fwp%2Fv2%2Fcomments&post=312671"}],"version-history":[{"count":3,"href":"https:\/\/archive.sana.sy\/tr\/index.php?rest_route=\/wp\/v2\/posts\/312671\/revisions"}],"predecessor-version":[{"id":312694,"href":"https:\/\/archive.sana.sy\/tr\/index.php?rest_route=\/wp\/v2\/posts\/312671\/revisions\/312694"}],"wp:featuredmedia":[{"embeddable":true,"href":"https:\/\/archive.sana.sy\/tr\/index.php?rest_route=\/wp\/v2\/media\/312674"}],"wp:attachment":[{"href":"https:\/\/archive.sana.sy\/tr\/index.php?rest_route=%2Fwp%2Fv2%2Fmedia&parent=312671"}],"wp:term":[{"taxonomy":"category","embeddable":true,"href":"https:\/\/archive.sana.sy\/tr\/index.php?rest_route=%2Fwp%2Fv2%2Fcategories&post=312671"},{"taxonomy":"post_tag","embeddable":true,"href":"https:\/\/archive.sana.sy\/tr\/index.php?rest_route=%2Fwp%2Fv2%2Ftags&post=312671"}],"curies":[{"name":"wp","href":"https:\/\/api.w.org\/{rel}","templated":true}]}}