{"id":312677,"date":"2024-12-04T23:12:59","date_gmt":"2024-12-04T20:12:59","guid":{"rendered":"https:\/\/sana.sy\/tr\/?p=312677"},"modified":"2024-12-04T23:13:28","modified_gmt":"2024-12-04T20:13:28","slug":"askeri-kaynak-teroristlerin-hama-sehrine-her-yonden-girebilecegine-dair-teror-sayfalari-ve-bazi-medya-kanallarinda-dolasan-haberlerin-asli-yoktur-hama-sehrinin-tamaminda-durum-normal-ve-guvenlidir","status":"publish","type":"post","link":"https:\/\/archive.sana.sy\/tr\/?p=312677","title":{"rendered":"Askeri kaynak: Ter\u00f6ristlerin Hama \u015fehrine herhangi y\u00f6nden girebilece\u011fine dair ter\u00f6r sayfalar\u0131 ve baz\u0131 medya kanallar\u0131nda dola\u015fan haberlerin asl\u0131 yoktur, Hama \u015fehrinin tamam\u0131nda durum normal ve g\u00fcvenlidir.  Silahl\u0131 kuvvetlerimiz kente yak\u0131n ve uzak noktalarda ve her y\u00f6nde konu\u015flanm\u0131\u015f olup, olas\u0131 her t\u00fcrl\u00fc sald\u0131r\u0131y\u0131 p\u00fcsk\u00fcrtmek ve kar\u015f\u0131 koymak i\u00e7in tam haz\u0131rl\u0131kl\u0131d\u0131r."},"content":{"rendered":"<p>Askeri kaynak: Ter\u00f6ristlerin Hama \u015fehrine herhangi y\u00f6nden girebilece\u011fine dair ter\u00f6r sayfalar\u0131 ve baz\u0131 medya kanallar\u0131nda dola\u015fan haberlerin asl\u0131 yoktur, Hama \u015fehrinin tamam\u0131nda durum normal ve g\u00fcvenlidir. Silahl\u0131 kuvvetlerimiz kente yak\u0131n ve uzak noktalarda ve her y\u00f6nde konu\u015flanm\u0131\u015f olup, olas\u0131 her t\u00fcrl\u00fc sald\u0131r\u0131y\u0131 p\u00fcsk\u00fcrtmek ve kar\u015f\u0131 koymak i\u00e7in tam haz\u0131rl\u0131kl\u0131d\u0131r.<\/p>\n","protected":false},"excerpt":{"rendered":"<p>Askeri kaynak: Ter\u00f6ristlerin Hama \u015fehrine herhangi y\u00f6nden girebilece\u011fine dair ter\u00f6r sayfalar\u0131 ve baz\u0131 medya kanallar\u0131nda dola\u015fan haberlerin asl\u0131 yoktur, Hama \u015fehrinin tamam\u0131nda durum normal ve g\u00fcvenlidir. Silahl\u0131 kuvvetlerimiz kente yak\u0131n ve uzak noktalarda ve her y\u00f6nde konu\u015flanm\u0131\u015f olup, olas\u0131 her t\u00fcrl\u00fc sald\u0131r\u0131y\u0131 p\u00fcsk\u00fcrtmek ve kar\u015f\u0131 koymak i\u00e7in tam haz\u0131rl\u0131kl\u0131d\u0131r.<\/p>\n","protected":false},"author":41,"featured_media":0,"comment_status":"closed","ping_status":"closed","sticky":false,"template":"","format":"standard","meta":{"footnotes":""},"categories":[17991],"tags":[],"class_list":["post-312677","post","type-post","status-publish","format-standard","","category-son-dakika"],"_links":{"self":[{"href":"https:\/\/archive.sana.sy\/tr\/index.php?rest_route=\/wp\/v2\/posts\/312677","targetHints":{"allow":["GET"]}}],"collection":[{"href":"https:\/\/archive.sana.sy\/tr\/index.php?rest_route=\/wp\/v2\/posts"}],"about":[{"href":"https:\/\/archive.sana.sy\/tr\/index.php?rest_route=\/wp\/v2\/types\/post"}],"author":[{"embeddable":true,"href":"https:\/\/archive.sana.sy\/tr\/index.php?rest_route=\/wp\/v2\/users\/41"}],"replies":[{"embeddable":true,"href":"https:\/\/archive.sana.sy\/tr\/index.php?rest_route=%2Fwp%2Fv2%2Fcomments&post=312677"}],"version-history":[{"count":2,"href":"https:\/\/archive.sana.sy\/tr\/index.php?rest_route=\/wp\/v2\/posts\/312677\/revisions"}],"predecessor-version":[{"id":312679,"href":"https:\/\/archive.sana.sy\/tr\/index.php?rest_route=\/wp\/v2\/posts\/312677\/revisions\/312679"}],"wp:attachment":[{"href":"https:\/\/archive.sana.sy\/tr\/index.php?rest_route=%2Fwp%2Fv2%2Fmedia&parent=312677"}],"wp:term":[{"taxonomy":"category","embeddable":true,"href":"https:\/\/archive.sana.sy\/tr\/index.php?rest_route=%2Fwp%2Fv2%2Fcategories&post=312677"},{"taxonomy":"post_tag","embeddable":true,"href":"https:\/\/archive.sana.sy\/tr\/index.php?rest_route=%2Fwp%2Fv2%2Ftags&post=312677"}],"curies":[{"name":"wp","href":"https:\/\/api.w.org\/{rel}","templated":true}]}}