{"id":312682,"date":"2024-12-04T23:41:15","date_gmt":"2024-12-04T20:41:15","guid":{"rendered":"https:\/\/sana.sy\/tr\/?p=312682"},"modified":"2024-12-04T23:41:15","modified_gmt":"2024-12-04T20:41:15","slug":"askeri-kaynak-suriye-rusya-ortak-savas-ucaklari-topcu-ve-fuze-kuvvetleri-bu-aksam-hama-kirsalindaki-teroristlerin-toplanma-yerlerine-ve-hareket-merkezlerine-nitelikli-odakli-saldirilar-gerceklestir","status":"publish","type":"post","link":"https:\/\/archive.sana.sy\/tr\/?p=312682","title":{"rendered":"Askeri kaynak: Suriye-Rusya ortak sava\u015f u\u00e7aklar\u0131, top\u00e7u ve f\u00fcze kuvvetleri bu ak\u015fam Hama k\u0131rsal\u0131ndaki ter\u00f6ristlerin toplanma yerlerine ve hareket merkezlerine nitelikli, odakl\u0131 sald\u0131r\u0131lar ger\u00e7ekle\u015ftirdi; bu sald\u0131r\u0131lar d\u00fczinelerce ter\u00f6ristin \u00f6ld\u00fcr\u00fclmesine ve ekipmanlar\u0131n\u0131n imha edilmesine yol a\u00e7t\u0131. ve ara\u00e7lar."},"content":{"rendered":"<p>Askeri kaynak: Suriye-Rusya ortak sava\u015f u\u00e7aklar\u0131, top\u00e7u ve f\u00fcze kuvvetleri bu ak\u015fam Hama k\u0131rsal\u0131ndaki ter\u00f6ristlerin toplanma yerlerine ve hareket merkezlerine nitelikli, odakl\u0131 sald\u0131r\u0131lar ger\u00e7ekle\u015ftirdi; bu sald\u0131r\u0131lar d\u00fczinelerce ter\u00f6ristin \u00f6ld\u00fcr\u00fclmesine ve ekipmanlar\u0131n\u0131n imha edilmesine yol a\u00e7t\u0131. ve ara\u00e7lar.<\/p>\n","protected":false},"excerpt":{"rendered":"<p>Askeri kaynak: Suriye-Rusya ortak sava\u015f u\u00e7aklar\u0131, top\u00e7u ve f\u00fcze kuvvetleri bu ak\u015fam Hama k\u0131rsal\u0131ndaki ter\u00f6ristlerin toplanma yerlerine ve hareket merkezlerine nitelikli, odakl\u0131 sald\u0131r\u0131lar ger\u00e7ekle\u015ftirdi; bu sald\u0131r\u0131lar d\u00fczinelerce ter\u00f6ristin \u00f6ld\u00fcr\u00fclmesine ve ekipmanlar\u0131n\u0131n imha edilmesine yol a\u00e7t\u0131. ve ara\u00e7lar.<\/p>\n","protected":false},"author":43,"featured_media":0,"comment_status":"closed","ping_status":"closed","sticky":false,"template":"","format":"standard","meta":{"footnotes":""},"categories":[17991],"tags":[],"class_list":["post-312682","post","type-post","status-publish","format-standard","","category-son-dakika"],"_links":{"self":[{"href":"https:\/\/archive.sana.sy\/tr\/index.php?rest_route=\/wp\/v2\/posts\/312682","targetHints":{"allow":["GET"]}}],"collection":[{"href":"https:\/\/archive.sana.sy\/tr\/index.php?rest_route=\/wp\/v2\/posts"}],"about":[{"href":"https:\/\/archive.sana.sy\/tr\/index.php?rest_route=\/wp\/v2\/types\/post"}],"author":[{"embeddable":true,"href":"https:\/\/archive.sana.sy\/tr\/index.php?rest_route=\/wp\/v2\/users\/43"}],"replies":[{"embeddable":true,"href":"https:\/\/archive.sana.sy\/tr\/index.php?rest_route=%2Fwp%2Fv2%2Fcomments&post=312682"}],"version-history":[{"count":1,"href":"https:\/\/archive.sana.sy\/tr\/index.php?rest_route=\/wp\/v2\/posts\/312682\/revisions"}],"predecessor-version":[{"id":312683,"href":"https:\/\/archive.sana.sy\/tr\/index.php?rest_route=\/wp\/v2\/posts\/312682\/revisions\/312683"}],"wp:attachment":[{"href":"https:\/\/archive.sana.sy\/tr\/index.php?rest_route=%2Fwp%2Fv2%2Fmedia&parent=312682"}],"wp:term":[{"taxonomy":"category","embeddable":true,"href":"https:\/\/archive.sana.sy\/tr\/index.php?rest_route=%2Fwp%2Fv2%2Fcategories&post=312682"},{"taxonomy":"post_tag","embeddable":true,"href":"https:\/\/archive.sana.sy\/tr\/index.php?rest_route=%2Fwp%2Fv2%2Ftags&post=312682"}],"curies":[{"name":"wp","href":"https:\/\/api.w.org\/{rel}","templated":true}]}}