{"id":31269,"date":"2015-04-28T19:00:06","date_gmt":"2015-04-28T16:00:06","guid":{"rendered":"http:\/\/www.sana.sy\/tr\/?p=31269"},"modified":"2015-04-29T09:24:37","modified_gmt":"2015-04-29T06:24:37","slug":"halaki-ulusal-sanayi-uretiminin-gereksinimlerine-oncelik-verilmesini-talep-etti","status":"publish","type":"post","link":"https:\/\/archive.sana.sy\/tr\/?p=31269","title":{"rendered":"Halaki Ulusal Sanayi \u00dcretiminin Gereksinimlerine \u00d6ncelik Verilmesini Talep Etti"},"content":{"rendered":"<p>\u015eAM \u2013 Bakanlar Kurulu bug\u00fcn Ba\u015fbakan Vail el Halaki Ba\u015fkanl\u0131\u011f\u0131nda d\u00fczenledi\u011fi haftal\u0131k ola\u011fan toplant\u0131s\u0131nda ba\u015fta ulusal sanayi \u00fcretiminin ihtiya\u00e7 ve gereksinimlerinin kar\u015f\u0131lanmas\u0131 y\u00f6ntemleri olmak \u00fczere ekonomi ve hizmet sekt\u00f6rlerinin durumlar\u0131 ve ter\u00f6r ma\u011fdurlar\u0131na insani yard\u0131m ula\u015ft\u0131rma i\u00e7in uygun mekanizmalar geli\u015ftirilmesi konular\u0131 tart\u0131\u015f\u0131ld\u0131.<\/p>\n<p><a href=\"http:\/\/www.sana.sy\/tr\/wp-content\/uploads\/2015\/04\/Halaki4.jpg\"><img loading=\"lazy\" decoding=\"async\" class=\"alignright wp-image-31270 size-medium\" src=\"http:\/\/www.sana.sy\/tr\/wp-content\/uploads\/2015\/04\/Halaki4-300x213.jpg\" alt=\"Halaki\" width=\"300\" height=\"213\" srcset=\"https:\/\/archive.sana.sy\/tr\/wp-content\/uploads\/2015\/04\/Halaki4-300x213.jpg 300w, https:\/\/archive.sana.sy\/tr\/wp-content\/uploads\/2015\/04\/Halaki4-150x106.jpg 150w, https:\/\/archive.sana.sy\/tr\/wp-content\/uploads\/2015\/04\/Halaki4-1024x725.jpg 1024w\" sizes=\"auto, (max-width: 300px) 100vw, 300px\" \/><\/a>Sanayi, Ekonomi ve D\u0131\u015f Ticaret Bakanlar\u0131ndan ulusal sanayinin gereksinimlerinin kar\u015f\u0131lanmas\u0131na \u00f6ncelik vermelerini talep eden Halaki, ayr\u0131ca ter\u00f6r olaylar\u0131 sonucu hasar g\u00f6ren fabrika ve \u015firketlerin zararlar\u0131n\u0131n yeniden tespit edilmesi gere\u011fini belirtti.<\/p>\n<p>Halaki, Ekonomi ve D\u0131\u015f Ticaret Bakan\u0131ndan, yeni yat\u0131r\u0131m kanununu incelemesini ve en yak\u0131n zamanda bakanlar kurulu onay\u0131na sunmas\u0131n\u0131 talep etti.<\/p>\n<p>Yakla\u015fmakta olan 1 May\u0131s \u0130\u015f\u00e7i Bayram\u0131 m\u00fcnasebetiyle i\u015f\u00e7i s\u0131n\u0131f\u0131n\u0131n bayram\u0131n\u0131 kutlayan Halaki, Suriye i\u015f\u00e7i s\u0131n\u0131f\u0131n\u0131n yeniden in\u015fa s\u00fcrecinin en \u00f6nemli akt\u00f6r\u00fc olaca\u011f\u0131n\u0131n alt\u0131n\u0131 \u00e7izdi.<\/p>\n<p>Ba\u015fbakan Yard\u0131mc\u0131s\u0131 ve D\u0131\u015fi\u015fleri ve Gurbet\u00e7iler Bakan\u0131 Velit el Muaillim uluslararas\u0131 alanda ya\u015fanan geli\u015fmeler ili\u015fkin sundu\u011fu anlat\u0131mda ba\u015fta \u0130dlib olmak \u00fczere silahl\u0131 ter\u00f6r gruplar\u0131n\u0131n sald\u0131r\u0131lar\u0131n\u0131 t\u0131rmand\u0131rmalar\u0131n\u0131n sorumlular\u0131n\u0131n Katar, Suudi Arabistan ve T\u00fcrkiye rejimleri oldu\u011funu belirtti.<\/p>\n<p>F.B. &#8211; M.M.<\/p>\n","protected":false},"excerpt":{"rendered":"<p>\u015eAM \u2013 Bakanlar Kurulu bug\u00fcn Ba\u015fbakan Vail el Halaki Ba\u015fkanl\u0131\u011f\u0131nda d\u00fczenledi\u011fi haftal\u0131k ola\u011fan toplant\u0131s\u0131nda ba\u015fta ulusal sanayi \u00fcretiminin ihtiya\u00e7 ve gereksinimlerinin kar\u015f\u0131lanmas\u0131 y\u00f6ntemleri olmak \u00fczere ekonomi ve hizmet sekt\u00f6rlerinin durumlar\u0131 ve ter\u00f6r ma\u011fdurlar\u0131na insani yard\u0131m ula\u015ft\u0131rma i\u00e7in uygun mekanizmalar geli\u015ftirilmesi konular\u0131 tart\u0131\u015f\u0131ld\u0131. Sanayi, Ekonomi ve D\u0131\u015f Ticaret Bakanlar\u0131ndan ulusal sanayinin gereksinimlerinin kar\u015f\u0131lanmas\u0131na \u00f6ncelik vermelerini talep &hellip;<\/p>\n","protected":false},"author":1,"featured_media":31271,"comment_status":"closed","ping_status":"closed","sticky":false,"template":"","format":"standard","meta":{"footnotes":""},"categories":[479,478],"tags":[14150],"class_list":["post-31269","post","type-post","status-publish","format-standard","has-post-thumbnail","","category-haberler-yerel","category-yerel","tag-halaki-ulusal-sanayi-uretiminin-gereksinimlerine-oncelik-verilmesini-talep-etti"],"_links":{"self":[{"href":"https:\/\/archive.sana.sy\/tr\/index.php?rest_route=\/wp\/v2\/posts\/31269","targetHints":{"allow":["GET"]}}],"collection":[{"href":"https:\/\/archive.sana.sy\/tr\/index.php?rest_route=\/wp\/v2\/posts"}],"about":[{"href":"https:\/\/archive.sana.sy\/tr\/index.php?rest_route=\/wp\/v2\/types\/post"}],"author":[{"embeddable":true,"href":"https:\/\/archive.sana.sy\/tr\/index.php?rest_route=\/wp\/v2\/users\/1"}],"replies":[{"embeddable":true,"href":"https:\/\/archive.sana.sy\/tr\/index.php?rest_route=%2Fwp%2Fv2%2Fcomments&post=31269"}],"version-history":[{"count":0,"href":"https:\/\/archive.sana.sy\/tr\/index.php?rest_route=\/wp\/v2\/posts\/31269\/revisions"}],"wp:featuredmedia":[{"embeddable":true,"href":"https:\/\/archive.sana.sy\/tr\/index.php?rest_route=\/wp\/v2\/media\/31271"}],"wp:attachment":[{"href":"https:\/\/archive.sana.sy\/tr\/index.php?rest_route=%2Fwp%2Fv2%2Fmedia&parent=31269"}],"wp:term":[{"taxonomy":"category","embeddable":true,"href":"https:\/\/archive.sana.sy\/tr\/index.php?rest_route=%2Fwp%2Fv2%2Fcategories&post=31269"},{"taxonomy":"post_tag","embeddable":true,"href":"https:\/\/archive.sana.sy\/tr\/index.php?rest_route=%2Fwp%2Fv2%2Ftags&post=31269"}],"curies":[{"name":"wp","href":"https:\/\/api.w.org\/{rel}","templated":true}]}}