{"id":312690,"date":"2024-12-05T10:43:00","date_gmt":"2024-12-05T07:43:00","guid":{"rendered":"https:\/\/sana.sy\/tr\/?p=312690"},"modified":"2024-12-05T10:44:17","modified_gmt":"2024-12-05T07:44:17","slug":"misir-ve-iran-suriyenin-egemenliginin-korunmasinda-yaninda-olduklarini-vurguladi","status":"publish","type":"post","link":"https:\/\/archive.sana.sy\/tr\/?p=312690","title":{"rendered":"M\u0131s\u0131r Ve \u0130ran, Suriye&#8217;nin Egemenli\u011finin Korunmas\u0131nda Yan\u0131nda Olduklar\u0131n\u0131 Vurgulad\u0131"},"content":{"rendered":"<p style=\"text-align: justify;\">TAHRAN (SANA) \u2013 \u0130ran ve M\u0131s\u0131r, Suriye&#8217;nin egemenli\u011fi ve toprak b\u00fct\u00fcnl\u00fc\u011f\u00fcne y\u00f6nelik kararl\u0131 ve destekleyici tutumlar\u0131n\u0131 bir kez daha teyit etti.<\/p>\n<p style=\"text-align: justify;\">\u0130RNA haber ajans\u0131, \u0130ran D\u0131\u015fi\u015fleri Bakan\u0131 Abbas \u0130rak\u00e7i ile M\u0131s\u0131r D\u0131\u015fi\u015fleri Bakan\u0131 Bedr Abdulati&#8217;nin telefon g\u00f6r\u00fc\u015fmesinde, Suriye&#8217;nin kuzeyindeki geli\u015fmelere odaklanarak b\u00f6lgedeki durumla ilgili geli\u015fmeleri ele ald\u0131\u011f\u0131n\u0131 bildirdi.<\/p>\n<p style=\"text-align: justify;\">\u0130rak\u00e7i, \u0130ran&#8217;\u0131n ter\u00f6rist gruplarla m\u00fccadelede Suriye h\u00fck\u00fcmetini, ordusunu ve halk\u0131n\u0131 destekleme y\u00f6n\u00fcndeki tutarl\u0131 politikas\u0131n\u0131 bir kez daha vurgulad\u0131.<\/p>\n<p style=\"text-align: justify;\">Bakan \u0130rak\u00e7i, b\u00f6lgede ter\u00f6r gruplar\u0131n\u0131n yay\u0131lma tehlikesi ve bunun b\u00f6lgedeki bar\u0131\u015f, istikrar ve g\u00fcvenli\u011fe y\u00f6nelik ciddi tehdit oldu\u011fu konusunda uyararak, bu tehlikeyle y\u00fczle\u015fmek i\u00e7in b\u00f6lgedeki etkili akt\u00f6rler aras\u0131nda diplomatik \u00e7abalar\u0131n ve isti\u015farelerin s\u00fcrd\u00fcr\u00fclmesi gerekti\u011fi \u00e7a\u011fr\u0131s\u0131nda bulundu.<\/p>\n<p style=\"text-align: justify;\">Kendi y\u00f6n\u00fcnden Abdulati, \u00fclkesinin Suriye&#8217;nin egemenli\u011fini, toprak b\u00fct\u00fcnl\u00fc\u011f\u00fcn\u00fc ve yasal kurumlar\u0131n\u0131 desteklemeye dayal\u0131 tutumunu ve politikas\u0131n\u0131 yineledi.<\/p>\n<p style=\"text-align: center;\"><strong><a href=\"https:\/\/t.me\/SuriyeArapHaberAjansI\">Telegram Kanal\u0131m\u0131z\u00a0<\/a>||<a href=\"https:\/\/twitter.com\/arap_ajans\">X Platformumuz\u00a0<\/a>||<a href=\"https:\/\/www.facebook.com\/SANAHaberAjansi\/\">Facebook Sayfam\u0131z<\/a><\/strong><\/p>\n","protected":false},"excerpt":{"rendered":"<p>TAHRAN (SANA) \u2013 \u0130ran ve M\u0131s\u0131r, Suriye&#8217;nin egemenli\u011fi ve toprak b\u00fct\u00fcnl\u00fc\u011f\u00fcne y\u00f6nelik kararl\u0131 ve destekleyici tutumlar\u0131n\u0131 bir kez daha teyit etti. \u0130RNA haber ajans\u0131, \u0130ran D\u0131\u015fi\u015fleri Bakan\u0131 Abbas \u0130rak\u00e7i ile M\u0131s\u0131r D\u0131\u015fi\u015fleri Bakan\u0131 Bedr Abdulati&#8217;nin telefon g\u00f6r\u00fc\u015fmesinde, Suriye&#8217;nin kuzeyindeki geli\u015fmelere odaklanarak b\u00f6lgedeki durumla ilgili geli\u015fmeleri ele ald\u0131\u011f\u0131n\u0131 bildirdi. \u0130rak\u00e7i, \u0130ran&#8217;\u0131n ter\u00f6rist gruplarla m\u00fccadelede Suriye h\u00fck\u00fcmetini, &hellip;<\/p>\n","protected":false},"author":39,"featured_media":312691,"comment_status":"closed","ping_status":"closed","sticky":false,"template":"","format":"standard","meta":{"footnotes":""},"categories":[458,589,459,17988],"tags":[],"class_list":["post-312690","post","type-post","status-publish","format-standard","has-post-thumbnail","","category-dunya1","category-haber-seridi","category-haberler-arap-uluslararasi-politika","category-son-haberler"],"_links":{"self":[{"href":"https:\/\/archive.sana.sy\/tr\/index.php?rest_route=\/wp\/v2\/posts\/312690","targetHints":{"allow":["GET"]}}],"collection":[{"href":"https:\/\/archive.sana.sy\/tr\/index.php?rest_route=\/wp\/v2\/posts"}],"about":[{"href":"https:\/\/archive.sana.sy\/tr\/index.php?rest_route=\/wp\/v2\/types\/post"}],"author":[{"embeddable":true,"href":"https:\/\/archive.sana.sy\/tr\/index.php?rest_route=\/wp\/v2\/users\/39"}],"replies":[{"embeddable":true,"href":"https:\/\/archive.sana.sy\/tr\/index.php?rest_route=%2Fwp%2Fv2%2Fcomments&post=312690"}],"version-history":[{"count":1,"href":"https:\/\/archive.sana.sy\/tr\/index.php?rest_route=\/wp\/v2\/posts\/312690\/revisions"}],"predecessor-version":[{"id":312692,"href":"https:\/\/archive.sana.sy\/tr\/index.php?rest_route=\/wp\/v2\/posts\/312690\/revisions\/312692"}],"wp:featuredmedia":[{"embeddable":true,"href":"https:\/\/archive.sana.sy\/tr\/index.php?rest_route=\/wp\/v2\/media\/312691"}],"wp:attachment":[{"href":"https:\/\/archive.sana.sy\/tr\/index.php?rest_route=%2Fwp%2Fv2%2Fmedia&parent=312690"}],"wp:term":[{"taxonomy":"category","embeddable":true,"href":"https:\/\/archive.sana.sy\/tr\/index.php?rest_route=%2Fwp%2Fv2%2Fcategories&post=312690"},{"taxonomy":"post_tag","embeddable":true,"href":"https:\/\/archive.sana.sy\/tr\/index.php?rest_route=%2Fwp%2Fv2%2Ftags&post=312690"}],"curies":[{"name":"wp","href":"https:\/\/api.w.org\/{rel}","templated":true}]}}