{"id":312705,"date":"2024-12-05T12:12:22","date_gmt":"2024-12-05T09:12:22","guid":{"rendered":"https:\/\/sana.sy\/tr\/?p=312705"},"modified":"2024-12-05T12:13:07","modified_gmt":"2024-12-05T09:13:07","slug":"haci-ve-pedersen-suriyenin-istikrar-ve-guvenliginin-korunmasi-gerektigini-vurguladi","status":"publish","type":"post","link":"https:\/\/archive.sana.sy\/tr\/?p=312705","title":{"rendered":"Haci Ve Pedersen, Suriye&#8217;nin \u0130stikrar Ve G\u00fcvenli\u011finin Korunmas\u0131 Gerekti\u011fini Vurgulad\u0131"},"content":{"rendered":"<p style=\"text-align: justify;\"><strong>TAHRAN (SANA) \u2013<\/strong> \u0130ran D\u0131\u015fi\u015fleri Bakan\u0131&#8217;n\u0131n \u00d6zel Siyasi \u0130\u015flerden Sorumlu K\u0131demli Dan\u0131\u015fman\u0131 Ali As\u011fer Haci, Birle\u015fmi\u015f Milletler Genel Sekreteri&#8217;nin Suriye \u00d6zel Temsilcisi Geir Pedersen ile yapt\u0131\u011f\u0131 g\u00f6r\u00fc\u015fmede, t\u00fcm b\u00f6lgesel ve uluslararas\u0131 akt\u00f6rlerin Suriye&#8217;de ter\u00f6r\u00fc k\u0131namas\u0131 ve ter\u00f6rle m\u00fccadele etmesi gerekti\u011fini vurgulad\u0131.<\/p>\n<p style=\"text-align: justify;\">IRNA haber ajans\u0131, Khaji ve Pedersen&#8217;in video konferans yoluyla yapt\u0131klar\u0131 g\u00f6r\u00fc\u015fmelerde, Suriye&#8217;nin istikrar ve g\u00fcvenli\u011finin korunmas\u0131 ve ter\u00f6r hareketleriyle m\u00fccadele i\u00e7in pratik ad\u0131mlar at\u0131lmas\u0131n\u0131n gereklili\u011fini vurgulad\u0131klar\u0131n\u0131 bildirdi.<\/p>\n<p style=\"text-align: justify;\">Haci, ter\u00f6rizmin yay\u0131lmas\u0131n\u0131n b\u00f6lgenin g\u00fcvenli\u011fi \u00fczerindeki yans\u0131malar\u0131 konusunda uyar\u0131da bulunarak, t\u00fcm b\u00f6lgesel ve uluslararas\u0131 akt\u00f6rlerin Suriye&#8217;de ter\u00f6r\u00fc k\u0131nama ve ter\u00f6rle m\u00fccadele etme sorumlulu\u011funu vurgulad\u0131.<\/p>\n<p style=\"text-align: justify;\">Kendi y\u00f6n\u00fcnden Pedersen, b\u00f6lgedeki aktif \u00fclkelerle ve di\u011fer \u00fclkelerle Suriye&#8217;deki duruma ili\u015fkin yap\u0131lan isti\u015farelere de\u011findi.<\/p>\n<p style=\"text-align: center;\"><strong><a href=\"https:\/\/t.me\/SuriyeArapHaberAjansI\">Telegram Kanal\u0131m\u0131z\u00a0<\/a>||<a href=\"https:\/\/twitter.com\/arap_ajans\">X Platformumuz\u00a0<\/a>||<a href=\"https:\/\/www.facebook.com\/SANAHaberAjansi\/\">Facebook Sayfam\u0131z<\/a><\/strong><\/p>\n","protected":false},"excerpt":{"rendered":"<p>TAHRAN (SANA) \u2013 \u0130ran D\u0131\u015fi\u015fleri Bakan\u0131&#8217;n\u0131n \u00d6zel Siyasi \u0130\u015flerden Sorumlu K\u0131demli Dan\u0131\u015fman\u0131 Ali As\u011fer Haci, Birle\u015fmi\u015f Milletler Genel Sekreteri&#8217;nin Suriye \u00d6zel Temsilcisi Geir Pedersen ile yapt\u0131\u011f\u0131 g\u00f6r\u00fc\u015fmede, t\u00fcm b\u00f6lgesel ve uluslararas\u0131 akt\u00f6rlerin Suriye&#8217;de ter\u00f6r\u00fc k\u0131namas\u0131 ve ter\u00f6rle m\u00fccadele etmesi gerekti\u011fini vurgulad\u0131. IRNA haber ajans\u0131, Khaji ve Pedersen&#8217;in video konferans yoluyla yapt\u0131klar\u0131 g\u00f6r\u00fc\u015fmelerde, Suriye&#8217;nin istikrar ve &hellip;<\/p>\n","protected":false},"author":39,"featured_media":312708,"comment_status":"closed","ping_status":"closed","sticky":false,"template":"","format":"standard","meta":{"footnotes":""},"categories":[458,589,459,17988],"tags":[],"class_list":["post-312705","post","type-post","status-publish","format-standard","has-post-thumbnail","","category-dunya1","category-haber-seridi","category-haberler-arap-uluslararasi-politika","category-son-haberler"],"_links":{"self":[{"href":"https:\/\/archive.sana.sy\/tr\/index.php?rest_route=\/wp\/v2\/posts\/312705","targetHints":{"allow":["GET"]}}],"collection":[{"href":"https:\/\/archive.sana.sy\/tr\/index.php?rest_route=\/wp\/v2\/posts"}],"about":[{"href":"https:\/\/archive.sana.sy\/tr\/index.php?rest_route=\/wp\/v2\/types\/post"}],"author":[{"embeddable":true,"href":"https:\/\/archive.sana.sy\/tr\/index.php?rest_route=\/wp\/v2\/users\/39"}],"replies":[{"embeddable":true,"href":"https:\/\/archive.sana.sy\/tr\/index.php?rest_route=%2Fwp%2Fv2%2Fcomments&post=312705"}],"version-history":[{"count":1,"href":"https:\/\/archive.sana.sy\/tr\/index.php?rest_route=\/wp\/v2\/posts\/312705\/revisions"}],"predecessor-version":[{"id":312707,"href":"https:\/\/archive.sana.sy\/tr\/index.php?rest_route=\/wp\/v2\/posts\/312705\/revisions\/312707"}],"wp:featuredmedia":[{"embeddable":true,"href":"https:\/\/archive.sana.sy\/tr\/index.php?rest_route=\/wp\/v2\/media\/312708"}],"wp:attachment":[{"href":"https:\/\/archive.sana.sy\/tr\/index.php?rest_route=%2Fwp%2Fv2%2Fmedia&parent=312705"}],"wp:term":[{"taxonomy":"category","embeddable":true,"href":"https:\/\/archive.sana.sy\/tr\/index.php?rest_route=%2Fwp%2Fv2%2Fcategories&post=312705"},{"taxonomy":"post_tag","embeddable":true,"href":"https:\/\/archive.sana.sy\/tr\/index.php?rest_route=%2Fwp%2Fv2%2Ftags&post=312705"}],"curies":[{"name":"wp","href":"https:\/\/api.w.org\/{rel}","templated":true}]}}