{"id":312721,"date":"2024-12-05T13:02:31","date_gmt":"2024-12-05T10:02:31","guid":{"rendered":"https:\/\/sana.sy\/tr\/?p=312721"},"modified":"2024-12-05T13:32:48","modified_gmt":"2024-12-05T10:32:48","slug":"urdun-krali-suriyenin-guvenligini-ve-istikrarini-tehdit-eden-her-seyi-reddettigini-vurguladi","status":"publish","type":"post","link":"https:\/\/archive.sana.sy\/tr\/?p=312721","title":{"rendered":"\u00dcrd\u00fcn Kral\u0131, Suriye&#8217;nin G\u00fcvenli\u011fini Ve Istikrar\u0131n\u0131 Tehdit Eden Her \u015eeyi Reddetti\u011fini Vurgulad\u0131"},"content":{"rendered":"<p style=\"text-align: justify;\"><strong>VA\u015eINGTON (SANA) \u2013 <\/strong>\u00dcrd\u00fcn Kral\u0131 II. Abdullah, \u00fclkesinin Suriye&#8217;nin g\u00fcvenli\u011fini ve istikrar\u0131n\u0131 tehdit eden her \u015feyi reddetti\u011fini vurgulad\u0131.<\/p>\n<p style=\"text-align: justify;\">\u00dcrd\u00fcn PETRA haber ajans\u0131 , Kral II. Abdullah&#8217;\u0131n ABD Kongresi&#8217;nde Va\u015fington&#8217;daki Senato ve Temsilciler Meclisi liderleriyle yapt\u0131\u011f\u0131 bir dizi toplant\u0131 s\u0131ras\u0131nda, L\u00fcbnan&#8217;da ate\u015fkesin ba\u015far\u0131ya ula\u015fmas\u0131 i\u00e7in her t\u00fcrl\u00fc \u00e7abay\u0131 g\u00f6stermesi \u00e7a\u011fr\u0131s\u0131nda bulundu\u011funu, ayn\u0131 zamanda \u00dcrd\u00fcn&#8217;\u00fcn Suriye&#8217;nin g\u00fcvenlik ve istikrar\u0131n\u0131 tehdit eden her \u015feyi reddetti\u011fini vurgulad\u0131\u011f\u0131n\u0131 bildirdi.<\/p>\n<p style=\"text-align: justify;\">\u00dcrd\u00fcn Kral\u0131 ayr\u0131ca, Gazze \u015eeridi halk\u0131n\u0131n ya\u015fad\u0131\u011f\u0131 insani felaketin a\u011f\u0131rla\u015fmas\u0131n\u0131 s\u0131n\u0131rlamak i\u00e7in Gazze \u015eeridi&#8217;ndeki uluslararas\u0131 insani m\u00fcdahalenin g\u00fc\u00e7lendirilmesi \u00e7a\u011fr\u0131s\u0131nda bulunarak, g\u0131da ve t\u0131bbi yard\u0131m\u0131n yeterli ve s\u00fcrd\u00fcr\u00fclebilir bir \u015fekilde giri\u015fini sa\u011flamak i\u00e7in \u0130srail varl\u0131\u011f\u0131na bask\u0131 yapmak \u00fczere derhal harekete ge\u00e7ilmesi gerekti\u011fini vurgulad\u0131.<\/p>\n<p style=\"text-align: justify;\">Kral, Gazze&#8217;de derhal ate\u015fkes sa\u011flanmas\u0131n\u0131n gereklili\u011fini ve ba\u011f\u0131ms\u0131z bir Filistin devletinin kurulmas\u0131n\u0131 ve Filistin halk\u0131n\u0131n me\u015fru haklar\u0131na eri\u015fimini garanti alt\u0131na alacak bir \u00e7\u00f6z\u00fcme dayal\u0131 adil ve kapsaml\u0131 bir bar\u0131\u015fa ula\u015fmak i\u00e7in siyasi bir ufuk bulunmas\u0131 y\u00f6n\u00fcnde \u00e7aba harcaman\u0131n gereklili\u011fini yineledi.<\/p>\n<p style=\"text-align: justify;\">Kral Abdullah, Bat\u0131 \u015eeria ve Gazze&#8217;deki Filistinlileri yerinden etmeye y\u00f6nelik her t\u00fcrl\u00fc giri\u015fimi reddetti\u011fini ifade ederek, yerle\u015fimcilerin Filistinlilere kar\u015f\u0131 uygulad\u0131\u011f\u0131 \u015fiddetin ve Kud\u00fcs&#8217;te \u0130slam ve H\u0131ristiyan kutsallar\u0131na y\u00f6nelik ihlallerin derhal durdurulmas\u0131 gerekti\u011fi uyar\u0131s\u0131nda bulundu.<\/p>\n<p style=\"text-align: center;\"><strong><a href=\"https:\/\/t.me\/SuriyeArapHaberAjansI\">Telegram Kanal\u0131m\u0131z\u00a0<\/a>||<a href=\"https:\/\/twitter.com\/arap_ajans\">X Platformumuz\u00a0<\/a>||<a href=\"https:\/\/www.facebook.com\/SANAHaberAjansi\/\">Facebook Sayfam\u0131z<\/a><\/strong><\/p>\n","protected":false},"excerpt":{"rendered":"<p>VA\u015eINGTON (SANA) \u2013 \u00dcrd\u00fcn Kral\u0131 II. Abdullah, \u00fclkesinin Suriye&#8217;nin g\u00fcvenli\u011fini ve istikrar\u0131n\u0131 tehdit eden her \u015feyi reddetti\u011fini vurgulad\u0131. \u00dcrd\u00fcn PETRA haber ajans\u0131 , Kral II. Abdullah&#8217;\u0131n ABD Kongresi&#8217;nde Va\u015fington&#8217;daki Senato ve Temsilciler Meclisi liderleriyle yapt\u0131\u011f\u0131 bir dizi toplant\u0131 s\u0131ras\u0131nda, L\u00fcbnan&#8217;da ate\u015fkesin ba\u015far\u0131ya ula\u015fmas\u0131 i\u00e7in her t\u00fcrl\u00fc \u00e7abay\u0131 g\u00f6stermesi \u00e7a\u011fr\u0131s\u0131nda bulundu\u011funu, ayn\u0131 zamanda \u00dcrd\u00fcn&#8217;\u00fcn Suriye&#8217;nin g\u00fcvenlik &hellip;<\/p>\n","protected":false},"author":39,"featured_media":312722,"comment_status":"closed","ping_status":"closed","sticky":false,"template":"","format":"standard","meta":{"footnotes":""},"categories":[458,589,459,17988],"tags":[],"class_list":["post-312721","post","type-post","status-publish","format-standard","has-post-thumbnail","","category-dunya1","category-haber-seridi","category-haberler-arap-uluslararasi-politika","category-son-haberler"],"_links":{"self":[{"href":"https:\/\/archive.sana.sy\/tr\/index.php?rest_route=\/wp\/v2\/posts\/312721","targetHints":{"allow":["GET"]}}],"collection":[{"href":"https:\/\/archive.sana.sy\/tr\/index.php?rest_route=\/wp\/v2\/posts"}],"about":[{"href":"https:\/\/archive.sana.sy\/tr\/index.php?rest_route=\/wp\/v2\/types\/post"}],"author":[{"embeddable":true,"href":"https:\/\/archive.sana.sy\/tr\/index.php?rest_route=\/wp\/v2\/users\/39"}],"replies":[{"embeddable":true,"href":"https:\/\/archive.sana.sy\/tr\/index.php?rest_route=%2Fwp%2Fv2%2Fcomments&post=312721"}],"version-history":[{"count":3,"href":"https:\/\/archive.sana.sy\/tr\/index.php?rest_route=\/wp\/v2\/posts\/312721\/revisions"}],"predecessor-version":[{"id":312728,"href":"https:\/\/archive.sana.sy\/tr\/index.php?rest_route=\/wp\/v2\/posts\/312721\/revisions\/312728"}],"wp:featuredmedia":[{"embeddable":true,"href":"https:\/\/archive.sana.sy\/tr\/index.php?rest_route=\/wp\/v2\/media\/312722"}],"wp:attachment":[{"href":"https:\/\/archive.sana.sy\/tr\/index.php?rest_route=%2Fwp%2Fv2%2Fmedia&parent=312721"}],"wp:term":[{"taxonomy":"category","embeddable":true,"href":"https:\/\/archive.sana.sy\/tr\/index.php?rest_route=%2Fwp%2Fv2%2Fcategories&post=312721"},{"taxonomy":"post_tag","embeddable":true,"href":"https:\/\/archive.sana.sy\/tr\/index.php?rest_route=%2Fwp%2Fv2%2Ftags&post=312721"}],"curies":[{"name":"wp","href":"https:\/\/api.w.org\/{rel}","templated":true}]}}