{"id":312762,"date":"2024-12-06T15:15:47","date_gmt":"2024-12-06T12:15:47","guid":{"rendered":"https:\/\/sana.sy\/tr\/?p=312762"},"modified":"2024-12-06T15:24:04","modified_gmt":"2024-12-06T12:24:04","slug":"sudani-irakin-resmi-ve-tutarli-tutumu-suriyenin-birligi-guvenligi-ve-istikrarindan-yanadir","status":"publish","type":"post","link":"https:\/\/archive.sana.sy\/tr\/?p=312762","title":{"rendered":"El Sudani: Irak&#8217;\u0131n Resmi Ve Tutarl\u0131 Tutumu Suriye&#8217;nin Birli\u011fi, G\u00fcvenli\u011fi Ve \u0130stikrar\u0131ndan Yanad\u0131r"},"content":{"rendered":"<p style=\"text-align: justify;\"><strong><span style=\"color: #800000;\">BA\u011eDAT (SANA)<\/span> &#8211;<\/strong> Irak Ba\u015fbakan\u0131 Muhammed \u015eeyya El Sudani, Irak&#8217;\u0131n Suriye&#8217;nin birlik ve istikrar\u0131n\u0131 vurgulayan ve toprak egemenli\u011fine sayg\u0131 duyulmas\u0131 gereklili\u011fini destekleyen sa\u011flam tutumunu yineledi ve \u00fclkesinin buradaki krizi kontrol alt\u0131na almak i\u00e7in gayretli diplomatik \u00e7abalar\u0131n\u0131 s\u00fcrd\u00fcrd\u00fc\u011f\u00fcne dikkat \u00e7ekti.<\/p>\n<p style=\"text-align: justify;\">Irak Ba\u015fbakan\u0131&#8217;n\u0131n medya ofisi \u015funlar\u0131 s\u00f6yledi: \u2018\u2019El Sudani, bug\u00fcn \u0130ran D\u0131\u015fi\u015fleri Bakan\u0131 Abbas Irak\u00e7i ile yapt\u0131\u011f\u0131 g\u00f6r\u00fc\u015fmede, ba\u015fta Suriye arenas\u0131nda ya\u015fananlar ve iki \u00fclke aras\u0131ndaki ikili ili\u015fkiler olmak \u00fczere b\u00f6lgedeki geli\u015fmeleri ele ald\u0131.\u2019\u2019<\/p>\n<p style=\"text-align: justify;\">El Sudani ay\u0131rca, Irak&#8217;\u0131n resmi ve kesin tutumunun Suriye&#8217;nin birli\u011fi, g\u00fcvenli\u011fi ve istikrar\u0131ndan yana oldu\u011funu do\u011frularken, Irak&#8217;\u0131n g\u00fcvenli\u011fi \u00fczerindeki a\u00e7\u0131k etkisi nedeniyle \u00fclkesinin Suriye&#8217;deki krizi kontrol alt\u0131na almak i\u00e7in gayretli diplomatik \u00e7abalar g\u00f6stermeye devam edece\u011fini kaydetti.<\/p>\n<p style=\"text-align: justify;\">Ba\u015fbakan El Sudani, Suriye&#8217;de ya\u015fananlar\u0131n, Gazze ve L\u00fcbnan&#8217;da ya\u015fanan, b\u00f6lgenin g\u00fcvenli\u011fini tehdit eden ve istikrars\u0131zla\u015ft\u0131ran olaylardan ayr\u0131lamaz oldu\u011funa da dikkat \u00e7ekti.<\/p>\n<p style=\"text-align: center;\"><strong><a href=\"https:\/\/t.me\/SuriyeArapHaberAjansI\">Telegram Kanal\u0131m\u0131z\u00a0<\/a><span style=\"color: #ff0000;\">||<\/span><a href=\"https:\/\/twitter.com\/arap_ajans\">X Platformumuz\u00a0<\/a><span style=\"color: #ff0000;\">||<\/span><a href=\"https:\/\/www.facebook.com\/SANAHaberAjansi\/\">Facebook Sayfam\u0131z<\/a><\/strong><\/p>\n","protected":false},"excerpt":{"rendered":"<p>BA\u011eDAT (SANA) &#8211; Irak Ba\u015fbakan\u0131 Muhammed \u015eeyya El Sudani, Irak&#8217;\u0131n Suriye&#8217;nin birlik ve istikrar\u0131n\u0131 vurgulayan ve toprak egemenli\u011fine sayg\u0131 duyulmas\u0131 gereklili\u011fini destekleyen sa\u011flam tutumunu yineledi ve \u00fclkesinin buradaki krizi kontrol alt\u0131na almak i\u00e7in gayretli diplomatik \u00e7abalar\u0131n\u0131 s\u00fcrd\u00fcrd\u00fc\u011f\u00fcne dikkat \u00e7ekti. Irak Ba\u015fbakan\u0131&#8217;n\u0131n medya ofisi \u015funlar\u0131 s\u00f6yledi: \u2018\u2019El Sudani, bug\u00fcn \u0130ran D\u0131\u015fi\u015fleri Bakan\u0131 Abbas Irak\u00e7i ile yapt\u0131\u011f\u0131 &hellip;<\/p>\n","protected":false},"author":44,"featured_media":312763,"comment_status":"closed","ping_status":"closed","sticky":false,"template":"","format":"standard","meta":{"footnotes":""},"categories":[458,589,459,17988],"tags":[],"class_list":["post-312762","post","type-post","status-publish","format-standard","has-post-thumbnail","","category-dunya1","category-haber-seridi","category-haberler-arap-uluslararasi-politika","category-son-haberler"],"_links":{"self":[{"href":"https:\/\/archive.sana.sy\/tr\/index.php?rest_route=\/wp\/v2\/posts\/312762","targetHints":{"allow":["GET"]}}],"collection":[{"href":"https:\/\/archive.sana.sy\/tr\/index.php?rest_route=\/wp\/v2\/posts"}],"about":[{"href":"https:\/\/archive.sana.sy\/tr\/index.php?rest_route=\/wp\/v2\/types\/post"}],"author":[{"embeddable":true,"href":"https:\/\/archive.sana.sy\/tr\/index.php?rest_route=\/wp\/v2\/users\/44"}],"replies":[{"embeddable":true,"href":"https:\/\/archive.sana.sy\/tr\/index.php?rest_route=%2Fwp%2Fv2%2Fcomments&post=312762"}],"version-history":[{"count":2,"href":"https:\/\/archive.sana.sy\/tr\/index.php?rest_route=\/wp\/v2\/posts\/312762\/revisions"}],"predecessor-version":[{"id":312768,"href":"https:\/\/archive.sana.sy\/tr\/index.php?rest_route=\/wp\/v2\/posts\/312762\/revisions\/312768"}],"wp:featuredmedia":[{"embeddable":true,"href":"https:\/\/archive.sana.sy\/tr\/index.php?rest_route=\/wp\/v2\/media\/312763"}],"wp:attachment":[{"href":"https:\/\/archive.sana.sy\/tr\/index.php?rest_route=%2Fwp%2Fv2%2Fmedia&parent=312762"}],"wp:term":[{"taxonomy":"category","embeddable":true,"href":"https:\/\/archive.sana.sy\/tr\/index.php?rest_route=%2Fwp%2Fv2%2Fcategories&post=312762"},{"taxonomy":"post_tag","embeddable":true,"href":"https:\/\/archive.sana.sy\/tr\/index.php?rest_route=%2Fwp%2Fv2%2Ftags&post=312762"}],"curies":[{"name":"wp","href":"https:\/\/api.w.org\/{rel}","templated":true}]}}