{"id":312771,"date":"2024-12-06T16:25:47","date_gmt":"2024-12-06T13:25:47","guid":{"rendered":"https:\/\/sana.sy\/tr\/?p=312771"},"modified":"2024-12-18T10:52:14","modified_gmt":"2024-12-18T07:52:14","slug":"askeri-kaynak-suriye-arap-ordusu-homs-ve-kirsalinda-bulunuyor-ve-her-turlu-teror-saldirisini-puskurtmeye-hazirdir","status":"publish","type":"post","link":"https:\/\/archive.sana.sy\/tr\/?p=312771","title":{"rendered":"Askeri Kaynak: Suriye Arap Ordusu Homs Ve K\u0131rsal\u0131nda Bulunuyor Ve Her T\u00fcrl\u00fc Ter\u00f6r Sald\u0131r\u0131s\u0131n\u0131 P\u00fcsk\u00fcrtmeye Haz\u0131rd\u0131r"},"content":{"rendered":"<p style=\"text-align: justify;\"><span style=\"color: #800000;\"><strong>\u015eAM (SANA)<\/strong> <\/span>&#8211;\u00a0 Askeri bir kaynak, ordunun Humus&#8217;tan \u00e7ekilmesine ili\u015fkin ter\u00f6r sayfalar\u0131nda yer alan haberlerin do\u011fruluk pay\u0131 olmad\u0131\u011f\u0131n\u0131 do\u011frulad\u0131.<\/p>\n<p style=\"text-align: justify;\">Kaynak, SANA&#8217;ya yapt\u0131\u011f\u0131 a\u00e7\u0131klamada \u015funlar\u0131 s\u00f6yledi: \u2018\u2019Suriye Arap Ordusu Homs ve k\u0131rsal\u0131nda mevcut olup sabit ve sa\u011flam savunma hatlar\u0131nda konu\u015fland\u0131r\u0131ld\u0131. Kuvvetler, \u00e7e\u015fitli te\u00e7hizat ve silahlarla donat\u0131lm\u0131\u015f devasa ek kuvvetlerle takviye edildi. G\u00fc\u00e7lerimiz her t\u00fcrl\u00fc ter\u00f6r sald\u0131r\u0131s\u0131n\u0131 p\u00fcsk\u00fcrtmeye haz\u0131rd\u0131r.\u2019\u2019<\/p>\n<p style=\"text-align: center;\"><strong><a href=\"https:\/\/t.me\/SuriyeArapHaberAjansI\">Telegram Kanal\u0131m\u0131z\u00a0<\/a><span style=\"color: #ff0000;\">||<\/span><a href=\"https:\/\/twitter.com\/arap_ajans\">X Platformumuz\u00a0<\/a><span style=\"color: #ff0000;\">||<\/span><a href=\"https:\/\/www.facebook.com\/SANAHaberAjansi\/\">Facebook Sayfam\u0131z<\/a><\/strong><\/p>\n","protected":false},"excerpt":{"rendered":"<p>\u015eAM (SANA) &#8211;\u00a0 Askeri bir kaynak, ordunun Humus&#8217;tan \u00e7ekilmesine ili\u015fkin ter\u00f6r sayfalar\u0131nda yer alan haberlerin do\u011fruluk pay\u0131 olmad\u0131\u011f\u0131n\u0131 do\u011frulad\u0131. Kaynak, SANA&#8217;ya yapt\u0131\u011f\u0131 a\u00e7\u0131klamada \u015funlar\u0131 s\u00f6yledi: \u2018\u2019Suriye Arap Ordusu Homs ve k\u0131rsal\u0131nda mevcut olup sabit ve sa\u011flam savunma hatlar\u0131nda konu\u015fland\u0131r\u0131ld\u0131. Kuvvetler, \u00e7e\u015fitli te\u00e7hizat ve silahlarla donat\u0131lm\u0131\u015f devasa ek kuvvetlerle takviye edildi. G\u00fc\u00e7lerimiz her t\u00fcrl\u00fc ter\u00f6r sald\u0131r\u0131s\u0131n\u0131 &hellip;<\/p>\n","protected":false},"author":44,"featured_media":312772,"comment_status":"closed","ping_status":"closed","sticky":false,"template":"","format":"standard","meta":{"footnotes":""},"categories":[1],"tags":[43044],"class_list":["post-312771","post","type-post","status-publish","format-standard","has-post-thumbnail","","category-news-not-sorted","tag-askeri-kaynak-suriye-arap-ordusu-homs-ve-kirsalinda-bulunuyor-ve-her-turlu-teror-saldirisini-puskurtmeye-hazirdir"],"_links":{"self":[{"href":"https:\/\/archive.sana.sy\/tr\/index.php?rest_route=\/wp\/v2\/posts\/312771","targetHints":{"allow":["GET"]}}],"collection":[{"href":"https:\/\/archive.sana.sy\/tr\/index.php?rest_route=\/wp\/v2\/posts"}],"about":[{"href":"https:\/\/archive.sana.sy\/tr\/index.php?rest_route=\/wp\/v2\/types\/post"}],"author":[{"embeddable":true,"href":"https:\/\/archive.sana.sy\/tr\/index.php?rest_route=\/wp\/v2\/users\/44"}],"replies":[{"embeddable":true,"href":"https:\/\/archive.sana.sy\/tr\/index.php?rest_route=%2Fwp%2Fv2%2Fcomments&post=312771"}],"version-history":[{"count":1,"href":"https:\/\/archive.sana.sy\/tr\/index.php?rest_route=\/wp\/v2\/posts\/312771\/revisions"}],"predecessor-version":[{"id":312773,"href":"https:\/\/archive.sana.sy\/tr\/index.php?rest_route=\/wp\/v2\/posts\/312771\/revisions\/312773"}],"wp:featuredmedia":[{"embeddable":true,"href":"https:\/\/archive.sana.sy\/tr\/index.php?rest_route=\/wp\/v2\/media\/312772"}],"wp:attachment":[{"href":"https:\/\/archive.sana.sy\/tr\/index.php?rest_route=%2Fwp%2Fv2%2Fmedia&parent=312771"}],"wp:term":[{"taxonomy":"category","embeddable":true,"href":"https:\/\/archive.sana.sy\/tr\/index.php?rest_route=%2Fwp%2Fv2%2Fcategories&post=312771"},{"taxonomy":"post_tag","embeddable":true,"href":"https:\/\/archive.sana.sy\/tr\/index.php?rest_route=%2Fwp%2Fv2%2Ftags&post=312771"}],"curies":[{"name":"wp","href":"https:\/\/api.w.org\/{rel}","templated":true}]}}