{"id":312775,"date":"2024-12-06T17:30:46","date_gmt":"2024-12-06T14:30:46","guid":{"rendered":"https:\/\/sana.sy\/tr\/?p=312775"},"modified":"2024-12-06T17:30:46","modified_gmt":"2024-12-06T14:30:46","slug":"irak-ve-iran-disisleri-bakanlari-suriyede-terorun-yayilmasi-tum-bolgenin-guvenligini-tehdit-ediyor","status":"publish","type":"post","link":"https:\/\/archive.sana.sy\/tr\/?p=312775","title":{"rendered":"Irak Ve \u0130ran D\u0131\u015fi\u015fleri Bakanlar\u0131: Suriye&#8217;de Ter\u00f6r\u00fcn Yay\u0131lmas\u0131 T\u00fcm B\u00f6lgenin G\u00fcvenli\u011fini Tehdit Ediyor"},"content":{"rendered":"<p style=\"text-align: justify;\"><span style=\"color: #800000;\"><strong>BA<\/strong><\/span><strong><span style=\"color: #800000;\">\u011eDAT (SANA)<\/span> &#8211;<\/strong> Irak&#8217;\u0131n ba\u015fkentinde ger\u00e7ekle\u015fen g\u00f6r\u00fc\u015fmede Irak D\u0131\u015fi\u015fleri Bakan\u0131 Fuad H\u00fcseyin ve \u0130ranl\u0131 mevkida\u015f\u0131 Abbas Irak\u00e7i, Suriye&#8217;de ya\u015fananlar\u0131n t\u00fcm b\u00f6lge i\u00e7in olu\u015fturdu\u011fu tehlike konusunda derin endi\u015felerini dile getirerek, burada ter\u00f6r\u00fcn yay\u0131lmas\u0131n\u0131n t\u00fcm b\u00f6lgenin g\u00fcvenli\u011fine do\u011frudan tehdit olu\u015fturdu\u011fu konusunda uyard\u0131lar.<\/p>\n<p style=\"text-align: justify;\">Irak D\u0131\u015fi\u015fleri Bakanl\u0131\u011f\u0131 bug\u00fcn yapt\u0131\u011f\u0131 a\u00e7\u0131klamada \u015funlar\u0131 s\u00f6yledi: \u2018\u2019H\u00fcseyin, Irak\u00e7i ile g\u00f6r\u00fc\u015fmesinde Irak&#8217;\u0131n b\u00f6lgede denge ve istikrar\u0131n sa\u011flanmas\u0131na y\u00f6nelik t\u00fcm giri\u015fimleri destekledi\u011fini vurgulayarak, \u00fclkesinin bar\u0131\u015f\u0131n sa\u011flanmas\u0131na ve gerilimin azalt\u0131lmas\u0131na katk\u0131da bulunmak i\u00e7in gereken her \u015feyi sa\u011flamaya haz\u0131r oldu\u011funu ifade etti.\u2019\u2019<\/p>\n<p style=\"text-align: justify;\">A\u00e7\u0131klamaya g\u00f6re H\u00fcseyin, Suriye&#8217;de ya\u015fananlar\u0131n hem Irak&#8217;\u0131n hem de \u0130ran&#8217;\u0131n g\u00fcvenli\u011fini do\u011frudan etkiledi\u011fini, bunun da b\u00f6lge halklar\u0131n\u0131n g\u00fcvenlik ve istikrar\u0131n\u0131 sa\u011flamak i\u00e7in pozisyonlar\u0131n koordinasyonunu gerektirdi\u011fini vurgulayarak, b\u00f6lgenin g\u00fcvenli\u011finin yaln\u0131zca askeri y\u00f6ntemlerle sa\u011flanamayaca\u011f\u0131n\u0131, krizlerin \u00e7\u00f6z\u00fcm\u00fcnde ve b\u00f6lgesel istikrar\u0131n sa\u011flanmas\u0131nda diplomasinin oynamas\u0131 gereken rol\u00fcn \u00f6nemine dikkat \u00e7ekti.<\/p>\n<p style=\"text-align: center;\"><strong><a href=\"https:\/\/t.me\/SuriyeArapHaberAjansI\">Telegram Kanal\u0131m\u0131z\u00a0<\/a><span style=\"color: #ff0000;\">||<\/span><a href=\"https:\/\/twitter.com\/arap_ajans\">X Platformumuz\u00a0<\/a><span style=\"color: #ff0000;\">||<\/span><a href=\"https:\/\/www.facebook.com\/SANAHaberAjansi\/\">Facebook Sayfam\u0131z<\/a><\/strong><\/p>\n","protected":false},"excerpt":{"rendered":"<p>BA\u011eDAT (SANA) &#8211; Irak&#8217;\u0131n ba\u015fkentinde ger\u00e7ekle\u015fen g\u00f6r\u00fc\u015fmede Irak D\u0131\u015fi\u015fleri Bakan\u0131 Fuad H\u00fcseyin ve \u0130ranl\u0131 mevkida\u015f\u0131 Abbas Irak\u00e7i, Suriye&#8217;de ya\u015fananlar\u0131n t\u00fcm b\u00f6lge i\u00e7in olu\u015fturdu\u011fu tehlike konusunda derin endi\u015felerini dile getirerek, burada ter\u00f6r\u00fcn yay\u0131lmas\u0131n\u0131n t\u00fcm b\u00f6lgenin g\u00fcvenli\u011fine do\u011frudan tehdit olu\u015fturdu\u011fu konusunda uyard\u0131lar. Irak D\u0131\u015fi\u015fleri Bakanl\u0131\u011f\u0131 bug\u00fcn yapt\u0131\u011f\u0131 a\u00e7\u0131klamada \u015funlar\u0131 s\u00f6yledi: \u2018\u2019H\u00fcseyin, Irak\u00e7i ile g\u00f6r\u00fc\u015fmesinde Irak&#8217;\u0131n b\u00f6lgede denge &hellip;<\/p>\n","protected":false},"author":44,"featured_media":312776,"comment_status":"closed","ping_status":"closed","sticky":false,"template":"","format":"standard","meta":{"footnotes":""},"categories":[458,589,459,17988],"tags":[43045],"class_list":["post-312775","post","type-post","status-publish","format-standard","has-post-thumbnail","","category-dunya1","category-haber-seridi","category-haberler-arap-uluslararasi-politika","category-son-haberler","tag-irak-ve-iran-disisleri-bakanlari-suriyede-terorun-yayilmasi-tum-bolgenin-guvenligini-tehdit-ediyor"],"_links":{"self":[{"href":"https:\/\/archive.sana.sy\/tr\/index.php?rest_route=\/wp\/v2\/posts\/312775","targetHints":{"allow":["GET"]}}],"collection":[{"href":"https:\/\/archive.sana.sy\/tr\/index.php?rest_route=\/wp\/v2\/posts"}],"about":[{"href":"https:\/\/archive.sana.sy\/tr\/index.php?rest_route=\/wp\/v2\/types\/post"}],"author":[{"embeddable":true,"href":"https:\/\/archive.sana.sy\/tr\/index.php?rest_route=\/wp\/v2\/users\/44"}],"replies":[{"embeddable":true,"href":"https:\/\/archive.sana.sy\/tr\/index.php?rest_route=%2Fwp%2Fv2%2Fcomments&post=312775"}],"version-history":[{"count":1,"href":"https:\/\/archive.sana.sy\/tr\/index.php?rest_route=\/wp\/v2\/posts\/312775\/revisions"}],"predecessor-version":[{"id":312777,"href":"https:\/\/archive.sana.sy\/tr\/index.php?rest_route=\/wp\/v2\/posts\/312775\/revisions\/312777"}],"wp:featuredmedia":[{"embeddable":true,"href":"https:\/\/archive.sana.sy\/tr\/index.php?rest_route=\/wp\/v2\/media\/312776"}],"wp:attachment":[{"href":"https:\/\/archive.sana.sy\/tr\/index.php?rest_route=%2Fwp%2Fv2%2Fmedia&parent=312775"}],"wp:term":[{"taxonomy":"category","embeddable":true,"href":"https:\/\/archive.sana.sy\/tr\/index.php?rest_route=%2Fwp%2Fv2%2Fcategories&post=312775"},{"taxonomy":"post_tag","embeddable":true,"href":"https:\/\/archive.sana.sy\/tr\/index.php?rest_route=%2Fwp%2Fv2%2Ftags&post=312775"}],"curies":[{"name":"wp","href":"https:\/\/api.w.org\/{rel}","templated":true}]}}